{"id":1109,"date":"2016-08-23T21:06:29","date_gmt":"2016-08-23T21:06:29","guid":{"rendered":"http:\/\/blog.disalconsorcio.com.br\/?p=1109"},"modified":"2022-09-27T14:57:35","modified_gmt":"2022-09-27T14:57:35","slug":"participacao-do-consorcio-na-venda-de-usados-aumenta","status":"publish","type":"post","link":"https:\/\/www.disalconsorcio.com.br\/blog\/participacao-do-consorcio-na-venda-de-usados-aumenta\/","title":{"rendered":"Seminovo: custo-benef\u00edcio que atrai mais consorciados"},"content":{"rendered":"<h3 style=\"text-align: center;\">Ar condicionado, bancos com ajustes de altura, chave canivete, conectividade via bluetooth. Na hora de sonhar com o carro novo, o c\u00e9u \u00e9 o limite.<\/h3>\n<p>&nbsp;<\/p>\n<p style=\"text-align: left;\">Mas nem sempre o bolso consegue acompanhar o desejo de colocar um zero quil\u00f4metro completinho na garagem.<\/p>\n<p>Para quem valoriza mais os opcionais do que o cheirinho de novo, os carros seminovos t\u00eam sido uma boa escolha. E, para os consorciados, essa op\u00e7\u00e3o tamb\u00e9m \u00e9 v\u00e1lida, j\u00e1 que depois da contempla\u00e7\u00e3o, a carta de cr\u00e9dito vale tanto para compra de novos quanto de seminovos.<\/p>\n<h2>\u00c9 a vez dos seminovos<\/h2>\n<p>\u00c9 poss\u00edvel sim ser contemplado e usar o dinheiro de um carro novo b\u00e1sico para comprar um carro seminovo com mais opcionais e pot\u00eancia.<br \/>\nSegundo a Fenauto (Federa\u00e7\u00e3o Nacional das Associa\u00e7\u00f5es dos Revendedores de Ve\u00edculos Automotores), 2015 registrou alta de 4,1% na venda de ve\u00edculos seminovos em rela\u00e7\u00e3o a 2014. O levantamento foi feito considerando os meses de janeiro a setembro. Entre os ve\u00edculos de passeio, o aumento foi de 2,21% e entre os comerciais leves (picapes pequenas) o aumento foi de 0,86%. O Gol, queridinho da Volkswagen, \u00e9 o que encabe\u00e7a a lista dos carros de passeio seminovos mais vendidos, com aproximadamente 519,5 mil transfer\u00eancias de donos.<\/p>\n<p><img loading=\"lazy\" decoding=\"async\" class=\"alignnone wp-image-1110\" src=\"http:\/\/blog.disalconsorcio.com.br\/wp-content\/uploads\/2016\/08\/12-1.jpg\" alt=\"12 (1)\" width=\"1000\" height=\"1390\" srcset=\"https:\/\/www.disalconsorcio.com.br\/blog\/wp-content\/uploads\/2016\/08\/12-1.jpg 590w, https:\/\/www.disalconsorcio.com.br\/blog\/wp-content\/uploads\/2016\/08\/12-1-216x300.jpg 216w\" sizes=\"(max-width: 1000px) 100vw, 1000px\" \/><\/p>\n<h2>Cons\u00f3rcio: territ\u00f3rio seguro<\/h2>\n<p>Os juros sempre foram um ponto de aten\u00e7\u00e3o na hora de se comprometer com um financiamento banc\u00e1rio. Mas em tempos de or\u00e7amento mais curto e incertezas na economia, comprometer a vida financeira com custos altos para comprar um bem fica ainda mais arriscado. O cons\u00f3rcio ent\u00e3o sai na frente como a compra planejada com menos custos para conquistar o carro.<\/p>\n<p>E o consumidor j\u00e1 percebeu isso. Dados de dezembro de 2015 mostram que o faturamento do cons\u00f3rcio no mercado de seminovos representou 71% do total, contra 29% dos novos. Uma vantagem de se optar pelo consorcio, al\u00e9m de fugir das taxas exorbitantes cobradas pelos bancos, \u00e9 a facilidade, a menor burocracia, e ainda poder escolher seu seminovo quando for contemplado.<\/p>\n<p><img loading=\"lazy\" decoding=\"async\" class=\"alignnone wp-image-1111\" src=\"http:\/\/blog.disalconsorcio.com.br\/wp-content\/uploads\/2016\/08\/11b.jpg\" alt=\"11b\" width=\"1000\" height=\"1919\" srcset=\"https:\/\/www.disalconsorcio.com.br\/blog\/wp-content\/uploads\/2016\/08\/11b.jpg 590w, https:\/\/www.disalconsorcio.com.br\/blog\/wp-content\/uploads\/2016\/08\/11b-156x300.jpg 156w, https:\/\/www.disalconsorcio.com.br\/blog\/wp-content\/uploads\/2016\/08\/11b-534x1024.jpg 534w\" sizes=\"(max-width: 1000px) 100vw, 1000px\" \/><\/p>\n<p><strong>Dica:<\/strong> tenha muito cuidado ao verificar os amassados, tinturas irregulares e falta de simetria na parte externa e interna. Isso pode significar que o carro foi batido e n\u00e3o tenha sido informado para voc\u00ea.<\/p>\n<p>Lembrando que, segundo o artigo 26 do C\u00f3digo de Defesa do Consumidor, na compra de bens dur\u00e1veis (como um carro), o consumidor tem o prazo de 90 dias para reclamar de defeitos de f\u00e1cil constata\u00e7\u00e3o. Conforme esclarece o Procon-SP em seu site oficial, essa garantia legal abrange todas as pe\u00e7as que comp\u00f5em o ve\u00edculo e o fornecedor n\u00e3o poder\u00e1 se exonerar da obriga\u00e7\u00e3o de responder por todo produto.<\/p>\n<p>Fazendo certo, n\u00e3o importa se o carro \u00e9 novo ou seminovo, porque como diz a musica: \u201candar a p\u00e9, amor, \u00e9 lenha\u201d.<\/p>\n<p>&nbsp;<\/p>\n<h2>Fa\u00e7a sua simula\u00e7\u00e3o<\/h2>\n<p>Para adquirir sua cota de\u00a0<a href=\"https:\/\/www.disalconsorcio.com.br\/etapa-1?utm_source=Blog&amp;utm_medium=organico&amp;utm_campaign=blog-organico-conteudo-simula%C3%A7%C3%A3o&amp;guid_campaign=42529de3-8d0c-42cc-ba60-1562457fa993&amp;utm_term=Blog\">cons\u00f3rcio Disal<\/a>, basta fazer a sua simula\u00e7\u00e3o\u00a0<a href=\"https:\/\/www.disalconsorcio.com.br\/etapa-1?utm_source=Blog&amp;utm_medium=organico&amp;utm_campaign=blog-organico-conteudo-simula%C3%A7%C3%A3o&amp;guid_campaign=42529de3-8d0c-42cc-ba60-1562457fa993&amp;utm_term=Blog\">clicando aqui<\/a>!<\/p>\n<p>Ap\u00f3s isso, um dos nossos representantes ir\u00e1 entrar em contato com voc\u00ea para poder dar sequ\u00eancia no seu atendimento.<\/p>\n<p><a href=\"https:\/\/www.disalconsorcio.com.br\/etapa-1?utm_source=Blog&amp;utm_medium=organico&amp;utm_campaign=blog-organico-conteudo-simula%C3%A7%C3%A3o&amp;guid_campaign=42529de3-8d0c-42cc-ba60-1562457fa993&amp;utm_term=Blog\"><img loading=\"lazy\" decoding=\"async\" class=\"alignnone size-medium wp-image-5416\" src=\"https:\/\/www.disalconsorcio.com.br\/blog\/wp-content\/uploads\/2022\/03\/campanha_blog03-970x90.png\" alt=\"simule_agora\" width=\"970\" height=\"90\" \/><\/a><\/p>\n","protected":false},"excerpt":{"rendered":"<p>Ar condicionado, bancos com ajustes de altura, chave canivete, conectividade via bluetooth. Na hora de sonhar com o carro novo, o c\u00e9u \u00e9 o limite. &nbsp; Mas nem sempre o bolso consegue acompanhar o desejo de colocar um zero quil\u00f4metro completinho na garagem. Para quem valoriza mais os opcionais do que o cheirinho de novo, <span class=\"readMore\" style=\"color:#00acc3;\">[&#8230;]<\/span><\/p>\n","protected":false},"author":14,"featured_media":2111,"comment_status":"open","ping_status":"open","sticky":false,"template":"","format":"standard","meta":{"_acf_changed":false,"footnotes":""},"categories":[3,564],"tags":[86,15,142,143,384,140,93,78],"acf":[],"yoast_head":"<!-- This site is optimized with the Yoast SEO plugin v22.8 - https:\/\/yoast.com\/wordpress\/plugins\/seo\/ -->\r\n<title>Seminovo: custo-benef\u00edcio que atrai mais consorciados!<\/title>\r\n<meta name=\"description\" content=\"Sonhar com o carro novo, o c\u00e9u \u00e9 o limite. Mas nem sempre o bolso consegue acompanhar o desejo de colocar um zero km na garagem, eis que temos os seminovos!\" \/>\r\n<meta name=\"robots\" content=\"index, follow, max-snippet:-1, max-image-preview:large, max-video-preview:-1\" \/>\r\n<link rel=\"canonical\" href=\"https:\/\/www.disalconsorcio.com.br\/blog\/participacao-do-consorcio-na-venda-de-usados-aumenta\/\" \/>\r\n<meta property=\"og:locale\" content=\"pt_BR\" \/>\r\n<meta property=\"og:type\" content=\"article\" \/>\r\n<meta property=\"og:title\" content=\"Seminovo: custo-benef\u00edcio que atrai mais consorciados!\" \/>\r\n<meta property=\"og:description\" content=\"Sonhar com o carro novo, o c\u00e9u \u00e9 o limite. Mas nem sempre o bolso consegue acompanhar o desejo de colocar um zero km na garagem, eis que temos os seminovos!\" \/>\r\n<meta property=\"og:url\" content=\"https:\/\/www.disalconsorcio.com.br\/blog\/participacao-do-consorcio-na-venda-de-usados-aumenta\/\" \/>\r\n<meta property=\"og:site_name\" content=\"Blog Disal Cons\u00f3rcio\" \/>\r\n<meta property=\"article:publisher\" content=\"http:\/\/facebook.com\/DisalConsorcioOficial\" \/>\r\n<meta property=\"article:published_time\" content=\"2016-08-23T21:06:29+00:00\" \/>\r\n<meta property=\"article:modified_time\" content=\"2022-09-27T14:57:35+00:00\" \/>\r\n<meta property=\"og:image\" content=\"https:\/\/www.disalconsorcio.com.br\/blog\/wp-content\/uploads\/2016\/08\/01-custobeneficio.png\" \/>\r\n\t<meta property=\"og:image:width\" content=\"1410\" \/>\r\n\t<meta property=\"og:image:height\" content=\"705\" \/>\r\n\t<meta property=\"og:image:type\" content=\"image\/png\" \/>\r\n<meta name=\"author\" content=\"Angela Cavalcanti\" \/>\r\n<meta name=\"twitter:card\" content=\"summary_large_image\" \/>\r\n<meta name=\"twitter:label1\" content=\"Escrito por\" \/>\n\t<meta name=\"twitter:data1\" content=\"Angela Cavalcanti\" \/>\n\t<meta name=\"twitter:label2\" content=\"Est. tempo de leitura\" \/>\n\t<meta name=\"twitter:data2\" content=\"3 minutos\" \/>\r\n<script type=\"application\/ld+json\" class=\"yoast-schema-graph\">{\"@context\":\"https:\/\/schema.org\",\"@graph\":[{\"@type\":\"Article\",\"@id\":\"https:\/\/www.disalconsorcio.com.br\/blog\/participacao-do-consorcio-na-venda-de-usados-aumenta\/#article\",\"isPartOf\":{\"@id\":\"https:\/\/www.disalconsorcio.com.br\/blog\/participacao-do-consorcio-na-venda-de-usados-aumenta\/\"},\"author\":{\"name\":\"Angela Cavalcanti\",\"@id\":\"https:\/\/www.disalconsorcio.com.br\/blog\/#\/schema\/person\/8c47fdecda258f66a16a9c13c0d5e0e6\"},\"headline\":\"Seminovo: custo-benef\u00edcio que atrai mais consorciados\",\"datePublished\":\"2016-08-23T21:06:29+00:00\",\"dateModified\":\"2022-09-27T14:57:35+00:00\",\"mainEntityOfPage\":{\"@id\":\"https:\/\/www.disalconsorcio.com.br\/blog\/participacao-do-consorcio-na-venda-de-usados-aumenta\/\"},\"wordCount\":520,\"commentCount\":9,\"publisher\":{\"@id\":\"https:\/\/www.disalconsorcio.com.br\/blog\/#organization\"},\"image\":{\"@id\":\"https:\/\/www.disalconsorcio.com.br\/blog\/participacao-do-consorcio-na-venda-de-usados-aumenta\/#primaryimage\"},\"thumbnailUrl\":\"https:\/\/www.disalconsorcio.com.br\/blog\/wp-content\/uploads\/2016\/08\/01-custobeneficio.png\",\"keywords\":[\"carros\",\"consorcio\",\"consorcio de carros\",\"consorcio de motos\",\"cons\u00f3rcio de seminovos\",\"cons\u00f3rcio de ve\u00edculos\",\"motos\",\"seminovos\"],\"articleSection\":[\"Cons\u00f3rcio\",\"Qual carro escolher?\"],\"inLanguage\":\"pt-BR\",\"potentialAction\":[{\"@type\":\"CommentAction\",\"name\":\"Comment\",\"target\":[\"https:\/\/www.disalconsorcio.com.br\/blog\/participacao-do-consorcio-na-venda-de-usados-aumenta\/#respond\"]}]},{\"@type\":\"WebPage\",\"@id\":\"https:\/\/www.disalconsorcio.com.br\/blog\/participacao-do-consorcio-na-venda-de-usados-aumenta\/\",\"url\":\"https:\/\/www.disalconsorcio.com.br\/blog\/participacao-do-consorcio-na-venda-de-usados-aumenta\/\",\"name\":\"Seminovo: custo-benef\u00edcio que atrai mais consorciados!\",\"isPartOf\":{\"@id\":\"https:\/\/www.disalconsorcio.com.br\/blog\/#website\"},\"primaryImageOfPage\":{\"@id\":\"https:\/\/www.disalconsorcio.com.br\/blog\/participacao-do-consorcio-na-venda-de-usados-aumenta\/#primaryimage\"},\"image\":{\"@id\":\"https:\/\/www.disalconsorcio.com.br\/blog\/participacao-do-consorcio-na-venda-de-usados-aumenta\/#primaryimage\"},\"thumbnailUrl\":\"https:\/\/www.disalconsorcio.com.br\/blog\/wp-content\/uploads\/2016\/08\/01-custobeneficio.png\",\"datePublished\":\"2016-08-23T21:06:29+00:00\",\"dateModified\":\"2022-09-27T14:57:35+00:00\",\"description\":\"Sonhar com o carro novo, o c\u00e9u \u00e9 o limite. Mas nem sempre o bolso consegue acompanhar o desejo de colocar um zero km na garagem, eis que temos os seminovos!\",\"breadcrumb\":{\"@id\":\"https:\/\/www.disalconsorcio.com.br\/blog\/participacao-do-consorcio-na-venda-de-usados-aumenta\/#breadcrumb\"},\"inLanguage\":\"pt-BR\",\"potentialAction\":[{\"@type\":\"ReadAction\",\"target\":[\"https:\/\/www.disalconsorcio.com.br\/blog\/participacao-do-consorcio-na-venda-de-usados-aumenta\/\"]}]},{\"@type\":\"ImageObject\",\"inLanguage\":\"pt-BR\",\"@id\":\"https:\/\/www.disalconsorcio.com.br\/blog\/participacao-do-consorcio-na-venda-de-usados-aumenta\/#primaryimage\",\"url\":\"https:\/\/www.disalconsorcio.com.br\/blog\/wp-content\/uploads\/2016\/08\/01-custobeneficio.png\",\"contentUrl\":\"https:\/\/www.disalconsorcio.com.br\/blog\/wp-content\/uploads\/2016\/08\/01-custobeneficio.png\",\"width\":1410,\"height\":705},{\"@type\":\"BreadcrumbList\",\"@id\":\"https:\/\/www.disalconsorcio.com.br\/blog\/participacao-do-consorcio-na-venda-de-usados-aumenta\/#breadcrumb\",\"itemListElement\":[{\"@type\":\"ListItem\",\"position\":1,\"name\":\"In\u00edcio\",\"item\":\"https:\/\/www.disalconsorcio.com.br\/blog\/\"},{\"@type\":\"ListItem\",\"position\":2,\"name\":\"Seminovo: custo-benef\u00edcio que atrai mais consorciados\"}]},{\"@type\":\"WebSite\",\"@id\":\"https:\/\/www.disalconsorcio.com.br\/blog\/#website\",\"url\":\"https:\/\/www.disalconsorcio.com.br\/blog\/\",\"name\":\"Blog Disal Cons\u00f3rcio\",\"description\":\"D\u00favidas e novidades\",\"publisher\":{\"@id\":\"https:\/\/www.disalconsorcio.com.br\/blog\/#organization\"},\"potentialAction\":[{\"@type\":\"SearchAction\",\"target\":{\"@type\":\"EntryPoint\",\"urlTemplate\":\"https:\/\/www.disalconsorcio.com.br\/blog\/?s={search_term_string}\"},\"query-input\":\"required name=search_term_string\"}],\"inLanguage\":\"pt-BR\"},{\"@type\":\"Organization\",\"@id\":\"https:\/\/www.disalconsorcio.com.br\/blog\/#organization\",\"name\":\"Blog Disal Cons\u00f3rcio\",\"url\":\"https:\/\/www.disalconsorcio.com.br\/blog\/\",\"logo\":{\"@type\":\"ImageObject\",\"inLanguage\":\"pt-BR\",\"@id\":\"https:\/\/www.disalconsorcio.com.br\/blog\/#\/schema\/logo\/image\/\",\"url\":\"https:\/\/www.disalconsorcio.com.br\/blog\/wp-content\/uploads\/2023\/02\/logo-D-02-GG.png\",\"contentUrl\":\"https:\/\/www.disalconsorcio.com.br\/blog\/wp-content\/uploads\/2023\/02\/logo-D-02-GG.png\",\"width\":1200,\"height\":1060,\"caption\":\"Blog Disal Cons\u00f3rcio\"},\"image\":{\"@id\":\"https:\/\/www.disalconsorcio.com.br\/blog\/#\/schema\/logo\/image\/\"},\"sameAs\":[\"http:\/\/facebook.com\/DisalConsorcioOficial\",\"http:\/\/instagram.com\/disalconsorciooficial\",\"https:\/\/www.linkedin.com\/company\/disal-administradora-de-consrcios\",\"https:\/\/www.youtube.com\/DisalOficial\"]},{\"@type\":\"Person\",\"@id\":\"https:\/\/www.disalconsorcio.com.br\/blog\/#\/schema\/person\/8c47fdecda258f66a16a9c13c0d5e0e6\",\"name\":\"Angela Cavalcanti\"}]}<\/script>\r\n<!-- \/ Yoast SEO plugin. -->","yoast_head_json":{"title":"Seminovo: custo-benef\u00edcio que atrai mais consorciados!","description":"Sonhar com o carro novo, o c\u00e9u \u00e9 o limite. Mas nem sempre o bolso consegue acompanhar o desejo de colocar um zero km na garagem, eis que temos os seminovos!","robots":{"index":"index","follow":"follow","max-snippet":"max-snippet:-1","max-image-preview":"max-image-preview:large","max-video-preview":"max-video-preview:-1"},"canonical":"https:\/\/www.disalconsorcio.com.br\/blog\/participacao-do-consorcio-na-venda-de-usados-aumenta\/","og_locale":"pt_BR","og_type":"article","og_title":"Seminovo: custo-benef\u00edcio que atrai mais consorciados!","og_description":"Sonhar com o carro novo, o c\u00e9u \u00e9 o limite. Mas nem sempre o bolso consegue acompanhar o desejo de colocar um zero km na garagem, eis que temos os seminovos!","og_url":"https:\/\/www.disalconsorcio.com.br\/blog\/participacao-do-consorcio-na-venda-de-usados-aumenta\/","og_site_name":"Blog Disal Cons\u00f3rcio","article_publisher":"http:\/\/facebook.com\/DisalConsorcioOficial","article_published_time":"2016-08-23T21:06:29+00:00","article_modified_time":"2022-09-27T14:57:35+00:00","og_image":[{"width":1410,"height":705,"url":"https:\/\/www.disalconsorcio.com.br\/blog\/wp-content\/uploads\/2016\/08\/01-custobeneficio.png","type":"image\/png"}],"author":"Angela Cavalcanti","twitter_card":"summary_large_image","twitter_misc":{"Escrito por":"Angela Cavalcanti","Est. tempo de leitura":"3 minutos"},"schema":{"@context":"https:\/\/schema.org","@graph":[{"@type":"Article","@id":"https:\/\/www.disalconsorcio.com.br\/blog\/participacao-do-consorcio-na-venda-de-usados-aumenta\/#article","isPartOf":{"@id":"https:\/\/www.disalconsorcio.com.br\/blog\/participacao-do-consorcio-na-venda-de-usados-aumenta\/"},"author":{"name":"Angela Cavalcanti","@id":"https:\/\/www.disalconsorcio.com.br\/blog\/#\/schema\/person\/8c47fdecda258f66a16a9c13c0d5e0e6"},"headline":"Seminovo: custo-benef\u00edcio que atrai mais consorciados","datePublished":"2016-08-23T21:06:29+00:00","dateModified":"2022-09-27T14:57:35+00:00","mainEntityOfPage":{"@id":"https:\/\/www.disalconsorcio.com.br\/blog\/participacao-do-consorcio-na-venda-de-usados-aumenta\/"},"wordCount":520,"commentCount":9,"publisher":{"@id":"https:\/\/www.disalconsorcio.com.br\/blog\/#organization"},"image":{"@id":"https:\/\/www.disalconsorcio.com.br\/blog\/participacao-do-consorcio-na-venda-de-usados-aumenta\/#primaryimage"},"thumbnailUrl":"https:\/\/www.disalconsorcio.com.br\/blog\/wp-content\/uploads\/2016\/08\/01-custobeneficio.png","keywords":["carros","consorcio","consorcio de carros","consorcio de motos","cons\u00f3rcio de seminovos","cons\u00f3rcio de ve\u00edculos","motos","seminovos"],"articleSection":["Cons\u00f3rcio","Qual carro escolher?"],"inLanguage":"pt-BR","potentialAction":[{"@type":"CommentAction","name":"Comment","target":["https:\/\/www.disalconsorcio.com.br\/blog\/participacao-do-consorcio-na-venda-de-usados-aumenta\/#respond"]}]},{"@type":"WebPage","@id":"https:\/\/www.disalconsorcio.com.br\/blog\/participacao-do-consorcio-na-venda-de-usados-aumenta\/","url":"https:\/\/www.disalconsorcio.com.br\/blog\/participacao-do-consorcio-na-venda-de-usados-aumenta\/","name":"Seminovo: custo-benef\u00edcio que atrai mais consorciados!","isPartOf":{"@id":"https:\/\/www.disalconsorcio.com.br\/blog\/#website"},"primaryImageOfPage":{"@id":"https:\/\/www.disalconsorcio.com.br\/blog\/participacao-do-consorcio-na-venda-de-usados-aumenta\/#primaryimage"},"image":{"@id":"https:\/\/www.disalconsorcio.com.br\/blog\/participacao-do-consorcio-na-venda-de-usados-aumenta\/#primaryimage"},"thumbnailUrl":"https:\/\/www.disalconsorcio.com.br\/blog\/wp-content\/uploads\/2016\/08\/01-custobeneficio.png","datePublished":"2016-08-23T21:06:29+00:00","dateModified":"2022-09-27T14:57:35+00:00","description":"Sonhar com o carro novo, o c\u00e9u \u00e9 o limite. Mas nem sempre o bolso consegue acompanhar o desejo de colocar um zero km na garagem, eis que temos os seminovos!","breadcrumb":{"@id":"https:\/\/www.disalconsorcio.com.br\/blog\/participacao-do-consorcio-na-venda-de-usados-aumenta\/#breadcrumb"},"inLanguage":"pt-BR","potentialAction":[{"@type":"ReadAction","target":["https:\/\/www.disalconsorcio.com.br\/blog\/participacao-do-consorcio-na-venda-de-usados-aumenta\/"]}]},{"@type":"ImageObject","inLanguage":"pt-BR","@id":"https:\/\/www.disalconsorcio.com.br\/blog\/participacao-do-consorcio-na-venda-de-usados-aumenta\/#primaryimage","url":"https:\/\/www.disalconsorcio.com.br\/blog\/wp-content\/uploads\/2016\/08\/01-custobeneficio.png","contentUrl":"https:\/\/www.disalconsorcio.com.br\/blog\/wp-content\/uploads\/2016\/08\/01-custobeneficio.png","width":1410,"height":705},{"@type":"BreadcrumbList","@id":"https:\/\/www.disalconsorcio.com.br\/blog\/participacao-do-consorcio-na-venda-de-usados-aumenta\/#breadcrumb","itemListElement":[{"@type":"ListItem","position":1,"name":"In\u00edcio","item":"https:\/\/www.disalconsorcio.com.br\/blog\/"},{"@type":"ListItem","position":2,"name":"Seminovo: custo-benef\u00edcio que atrai mais consorciados"}]},{"@type":"WebSite","@id":"https:\/\/www.disalconsorcio.com.br\/blog\/#website","url":"https:\/\/www.disalconsorcio.com.br\/blog\/","name":"Blog Disal Cons\u00f3rcio","description":"D\u00favidas e novidades","publisher":{"@id":"https:\/\/www.disalconsorcio.com.br\/blog\/#organization"},"potentialAction":[{"@type":"SearchAction","target":{"@type":"EntryPoint","urlTemplate":"https:\/\/www.disalconsorcio.com.br\/blog\/?s={search_term_string}"},"query-input":"required name=search_term_string"}],"inLanguage":"pt-BR"},{"@type":"Organization","@id":"https:\/\/www.disalconsorcio.com.br\/blog\/#organization","name":"Blog Disal Cons\u00f3rcio","url":"https:\/\/www.disalconsorcio.com.br\/blog\/","logo":{"@type":"ImageObject","inLanguage":"pt-BR","@id":"https:\/\/www.disalconsorcio.com.br\/blog\/#\/schema\/logo\/image\/","url":"https:\/\/www.disalconsorcio.com.br\/blog\/wp-content\/uploads\/2023\/02\/logo-D-02-GG.png","contentUrl":"https:\/\/www.disalconsorcio.com.br\/blog\/wp-content\/uploads\/2023\/02\/logo-D-02-GG.png","width":1200,"height":1060,"caption":"Blog Disal Cons\u00f3rcio"},"image":{"@id":"https:\/\/www.disalconsorcio.com.br\/blog\/#\/schema\/logo\/image\/"},"sameAs":["http:\/\/facebook.com\/DisalConsorcioOficial","http:\/\/instagram.com\/disalconsorciooficial","https:\/\/www.linkedin.com\/company\/disal-administradora-de-consrcios","https:\/\/www.youtube.com\/DisalOficial"]},{"@type":"Person","@id":"https:\/\/www.disalconsorcio.com.br\/blog\/#\/schema\/person\/8c47fdecda258f66a16a9c13c0d5e0e6","name":"Angela Cavalcanti"}]}},"_links":{"self":[{"href":"https:\/\/www.disalconsorcio.com.br\/blog\/wp-json\/wp\/v2\/posts\/1109"}],"collection":[{"href":"https:\/\/www.disalconsorcio.com.br\/blog\/wp-json\/wp\/v2\/posts"}],"about":[{"href":"https:\/\/www.disalconsorcio.com.br\/blog\/wp-json\/wp\/v2\/types\/post"}],"author":[{"embeddable":true,"href":"https:\/\/www.disalconsorcio.com.br\/blog\/wp-json\/wp\/v2\/users\/14"}],"replies":[{"embeddable":true,"href":"https:\/\/www.disalconsorcio.com.br\/blog\/wp-json\/wp\/v2\/comments?post=1109"}],"version-history":[{"count":7,"href":"https:\/\/www.disalconsorcio.com.br\/blog\/wp-json\/wp\/v2\/posts\/1109\/revisions"}],"predecessor-version":[{"id":5657,"href":"https:\/\/www.disalconsorcio.com.br\/blog\/wp-json\/wp\/v2\/posts\/1109\/revisions\/5657"}],"wp:featuredmedia":[{"embeddable":true,"href":"https:\/\/www.disalconsorcio.com.br\/blog\/wp-json\/wp\/v2\/media\/2111"}],"wp:attachment":[{"href":"https:\/\/www.disalconsorcio.com.br\/blog\/wp-json\/wp\/v2\/media?parent=1109"}],"wp:term":[{"taxonomy":"category","embeddable":true,"href":"https:\/\/www.disalconsorcio.com.br\/blog\/wp-json\/wp\/v2\/categories?post=1109"},{"taxonomy":"post_tag","embeddable":true,"href":"https:\/\/www.disalconsorcio.com.br\/blog\/wp-json\/wp\/v2\/tags?post=1109"}],"curies":[{"name":"wp","href":"https:\/\/api.w.org\/{rel}","templated":true}]}}