{"id":1975,"date":"2019-04-26T14:07:22","date_gmt":"2019-04-26T14:07:22","guid":{"rendered":"http:\/\/blog.disalconsorcio.com.br\/?p=1975"},"modified":"2022-09-23T18:07:22","modified_gmt":"2022-09-23T18:07:22","slug":"qual-e-o-carro-ideal-para-seu-momento","status":"publish","type":"post","link":"https:\/\/www.disalconsorcio.com.br\/blog\/qual-e-o-carro-ideal-para-seu-momento\/","title":{"rendered":"Carro: Qual \u00e9 o ideal para o perfil da sua fam\u00edlia? Confira!"},"content":{"rendered":"<h3 style=\"text-align: center;\">Picape? Sed\u00e3? SUV? Compacto? Ou esportivo? Qual \u00e9 o carro ideal para o perfil da sua fam\u00edlia? Trouxemos algumas dicas para voc\u00ea fazer uma compra racional.<\/h3>\n<p>Voc\u00ea j\u00e1 parou pra pensar que muita gente acaba se arrependendo por ter comprado um carro maior ou menor do que deveria? Mas n\u00e3o \u00e9 apenas quest\u00e3o de tamanho. Trouxemos dicas para voc\u00ea n\u00e3o cair na tenta\u00e7\u00e3o de comprar na emo\u00e7\u00e3o e acabar gastando ainda mais para trocar de ve\u00edculo. Vem com a gente.<\/p>\n<p><strong>Dica 1 \u00a0&#8211; Compre um carro que cabe no seu bolso.<\/strong><\/p>\n<p>Ao comprar o ve\u00edculo, \u00e9 essencial estipular at\u00e9 qual valor o carro n\u00e3o compromete o seu\u00a0or\u00e7amento.\u00a0Especialistas financeiros garantem que \u00e9 fundamental n\u00e3o gastar mais do que um ter\u00e7o do sal\u00e1rio com d\u00edvidas. Por isso, o ideal \u00e9 que o valor do ve\u00edculo e sua manuten\u00e7\u00e3o n\u00e3o ultrapassem os 20% da sua renda.<\/p>\n<p><strong>Dica 2 \u00a0&#8211; Necessidades vem antes dos desejos.<\/strong><\/p>\n<p>Uma \u00f3tima dica \u00e9 pensar nos carros que voc\u00ea j\u00e1 teve e o que faltava neles. Caso voc\u00ea n\u00e3o tenha tido um carro antes, pense sobre o tipo de uso que far\u00e1 dele.<\/p>\n<p>Por exemplo, para quem tem mais de 60 anos,\u00a0o conforto e a visibilidade podem ser os principais crit\u00e9rios. J\u00e1 para os jovens, os carros mais econ\u00f4micos podem ser os mais indicados, e para quem tem entre 30 e 60 anos o espa\u00e7o para comportar a fam\u00edlia e a performance podem ser fatores determinantes.<\/p>\n<p><strong>Dica 3 &#8211; \u00a0Sempre vale a pena conferir um seminovo.<\/strong><\/p>\n<p>Muita gente acha que os carros 0 km s\u00e3o a \u00fanica op\u00e7\u00e3o. Mas, na hora de pesquisar, a decep\u00e7\u00e3o pode ser grande. O valor que o comprador tem no momento pode ser insuficiente para comprar o modelo pretendido.<\/p>\n<p>Os seminovos s\u00e3o \u00f3timas op\u00e7\u00f5es\u00a0para quem busca por um modelo mais equipado, ou para quem n\u00e3o tem recursos suficientes para comprar o novo desejado.<\/p>\n<p><strong>Dica 4 &#8211; Fa\u00e7a test-drive.<\/strong><\/p>\n<p>Para aproveitar o teste, dirija pelo mesmo caminho que costuma dirigir todos os dias. Teste o motor e sua capacidade de freio e, se poss\u00edvel, leve o carro \u00e0 sua garagem para observar se o seu tamanho n\u00e3o seria um problema. Tamb\u00e9m \u00e9 importante ficar atento a pequenos detalhes que podem fazer diferen\u00e7a, como a al\u00e7a de seguran\u00e7a no teto, a regulagem dos bancos e at\u00e9 mesmo o porta-objetos.<\/p>\n<p>Gostou das dicas? Ent\u00e3o aproveite essas t\u00e9cnicas para descobrir qual \u00e9 o carro ideal e <a href=\"https:\/\/www.disalconsorcio.com.br\/etapa-1?utm_source=Blog&amp;utm_medium=organico&amp;utm_campaign=blog-organico-conteudo-simula%C3%A7%C3%A3o&amp;guid_campaign=42529de3-8d0c-42cc-ba60-1562457fa993&amp;utm_term=Blog\">fa\u00e7a uma simula\u00e7\u00e3o<\/a> do ve\u00edculo perfeito para voc\u00ea.<\/p>\n<p>&nbsp;<\/p>\n<h2><strong>Fa\u00e7a sua simula\u00e7\u00e3o<\/strong><\/h2>\n<p>Para adquirir sua cota de\u00a0<a href=\"https:\/\/www.disalconsorcio.com.br\/etapa-1?utm_source=Blog&amp;utm_medium=organico&amp;utm_campaign=blog-organico-conteudo-simula%C3%A7%C3%A3o&amp;guid_campaign=42529de3-8d0c-42cc-ba60-1562457fa993&amp;utm_term=Blog\">cons\u00f3rcio Disal<\/a>, basta fazer a sua simula\u00e7\u00e3o\u00a0<a href=\"https:\/\/www.disalconsorcio.com.br\/etapa-1?utm_source=Blog&amp;utm_medium=organico&amp;utm_campaign=blog-organico-conteudo-simula%C3%A7%C3%A3o&amp;guid_campaign=42529de3-8d0c-42cc-ba60-1562457fa993&amp;utm_term=Blog\">clicando aqui<\/a>!<\/p>\n<p>Ap\u00f3s isso, um dos nossos representantes ir\u00e1 entrar em contato com voc\u00ea para poder dar sequ\u00eancia no seu atendimento.<\/p>\n<p><a href=\"https:\/\/www.disalconsorcio.com.br\/etapa-1?utm_source=Blog&amp;utm_medium=organico&amp;utm_campaign=blog-organico-conteudo-simula%C3%A7%C3%A3o&amp;guid_campaign=42529de3-8d0c-42cc-ba60-1562457fa993&amp;utm_term=Blog\"><img loading=\"lazy\" decoding=\"async\" class=\"alignnone size-medium wp-image-5416\" src=\"https:\/\/www.disalconsorcio.com.br\/blog\/wp-content\/uploads\/2022\/03\/campanha_blog03-970x90.png\" alt=\"simule_agora\" width=\"970\" height=\"90\" \/><\/a><\/p>\n","protected":false},"excerpt":{"rendered":"<p>Picape? Sed\u00e3? SUV? Compacto? Ou esportivo? Qual \u00e9 o carro ideal para o perfil da sua fam\u00edlia? Trouxemos algumas dicas para voc\u00ea fazer uma compra racional. Voc\u00ea j\u00e1 parou pra pensar que muita gente acaba se arrependendo por ter comprado um carro maior ou menor do que deveria? Mas n\u00e3o \u00e9 apenas quest\u00e3o de tamanho. <span class=\"readMore\" style=\"color:#15427c;\">[&#8230;]<\/span><\/p>\n","protected":false},"author":14,"featured_media":2032,"comment_status":"open","ping_status":"open","sticky":false,"template":"","format":"standard","meta":{"_acf_changed":false,"footnotes":""},"categories":[564],"tags":[16,15,142,140,252,107],"acf":[],"yoast_head":"<!-- This site is optimized with the Yoast SEO plugin v22.8 - https:\/\/yoast.com\/wordpress\/plugins\/seo\/ -->\r\n<title>Carro: Qual \u00e9 o ideal para o perfil da sua fam\u00edlia? Confira!<\/title>\r\n<meta name=\"description\" content=\"Picape? Sed\u00e3? SUV? Compacto? Ou esportivo? Qual \u00e9 o carro ideal para o perfil da sua fam\u00edlia? Trouxemos algumas dicas para voc\u00ea fazer uma compra racional.\" \/>\r\n<meta name=\"robots\" content=\"index, follow, max-snippet:-1, max-image-preview:large, max-video-preview:-1\" \/>\r\n<link rel=\"canonical\" href=\"https:\/\/www.disalconsorcio.com.br\/blog\/qual-e-o-carro-ideal-para-seu-momento\/\" \/>\r\n<meta property=\"og:locale\" content=\"pt_BR\" \/>\r\n<meta property=\"og:type\" content=\"article\" \/>\r\n<meta property=\"og:title\" content=\"Carro: Qual \u00e9 o ideal para o perfil da sua fam\u00edlia? Confira!\" \/>\r\n<meta property=\"og:description\" content=\"Picape? Sed\u00e3? SUV? Compacto? Ou esportivo? Qual \u00e9 o carro ideal para o perfil da sua fam\u00edlia? Trouxemos algumas dicas para voc\u00ea fazer uma compra racional.\" \/>\r\n<meta property=\"og:url\" content=\"https:\/\/www.disalconsorcio.com.br\/blog\/qual-e-o-carro-ideal-para-seu-momento\/\" \/>\r\n<meta property=\"og:site_name\" content=\"Blog Disal Cons\u00f3rcio\" \/>\r\n<meta property=\"article:publisher\" content=\"http:\/\/facebook.com\/DisalConsorcioOficial\" \/>\r\n<meta property=\"article:published_time\" content=\"2019-04-26T14:07:22+00:00\" \/>\r\n<meta property=\"article:modified_time\" content=\"2022-09-23T18:07:22+00:00\" \/>\r\n<meta property=\"og:image\" content=\"https:\/\/www.disalconsorcio.com.br\/blog\/wp-content\/uploads\/2019\/04\/carro-ideal-1410x705.png\" \/>\r\n\t<meta property=\"og:image:width\" content=\"1410\" \/>\r\n\t<meta property=\"og:image:height\" content=\"705\" \/>\r\n\t<meta property=\"og:image:type\" content=\"image\/png\" \/>\r\n<meta name=\"author\" content=\"Angela Cavalcanti\" \/>\r\n<meta name=\"twitter:card\" content=\"summary_large_image\" \/>\r\n<meta name=\"twitter:label1\" content=\"Escrito por\" \/>\n\t<meta name=\"twitter:data1\" content=\"Angela Cavalcanti\" \/>\n\t<meta name=\"twitter:label2\" content=\"Est. tempo de leitura\" \/>\n\t<meta name=\"twitter:data2\" content=\"2 minutos\" \/>\r\n<script type=\"application\/ld+json\" class=\"yoast-schema-graph\">{\"@context\":\"https:\/\/schema.org\",\"@graph\":[{\"@type\":\"Article\",\"@id\":\"https:\/\/www.disalconsorcio.com.br\/blog\/qual-e-o-carro-ideal-para-seu-momento\/#article\",\"isPartOf\":{\"@id\":\"https:\/\/www.disalconsorcio.com.br\/blog\/qual-e-o-carro-ideal-para-seu-momento\/\"},\"author\":{\"name\":\"Angela Cavalcanti\",\"@id\":\"https:\/\/www.disalconsorcio.com.br\/blog\/#\/schema\/person\/8c47fdecda258f66a16a9c13c0d5e0e6\"},\"headline\":\"Carro: Qual \u00e9 o ideal para o perfil da sua fam\u00edlia? Confira!\",\"datePublished\":\"2019-04-26T14:07:22+00:00\",\"dateModified\":\"2022-09-23T18:07:22+00:00\",\"mainEntityOfPage\":{\"@id\":\"https:\/\/www.disalconsorcio.com.br\/blog\/qual-e-o-carro-ideal-para-seu-momento\/\"},\"wordCount\":487,\"commentCount\":0,\"publisher\":{\"@id\":\"https:\/\/www.disalconsorcio.com.br\/blog\/#organization\"},\"image\":{\"@id\":\"https:\/\/www.disalconsorcio.com.br\/blog\/qual-e-o-carro-ideal-para-seu-momento\/#primaryimage\"},\"thumbnailUrl\":\"https:\/\/www.disalconsorcio.com.br\/blog\/wp-content\/uploads\/2019\/04\/carro-ideal-1410x705.png\",\"keywords\":[\"carro\",\"consorcio\",\"consorcio de carros\",\"cons\u00f3rcio de ve\u00edculos\",\"perfil de carro\",\"ve\u00edculos leves\"],\"articleSection\":[\"Qual carro escolher?\"],\"inLanguage\":\"pt-BR\",\"potentialAction\":[{\"@type\":\"CommentAction\",\"name\":\"Comment\",\"target\":[\"https:\/\/www.disalconsorcio.com.br\/blog\/qual-e-o-carro-ideal-para-seu-momento\/#respond\"]}]},{\"@type\":\"WebPage\",\"@id\":\"https:\/\/www.disalconsorcio.com.br\/blog\/qual-e-o-carro-ideal-para-seu-momento\/\",\"url\":\"https:\/\/www.disalconsorcio.com.br\/blog\/qual-e-o-carro-ideal-para-seu-momento\/\",\"name\":\"Carro: Qual \u00e9 o ideal para o perfil da sua fam\u00edlia? Confira!\",\"isPartOf\":{\"@id\":\"https:\/\/www.disalconsorcio.com.br\/blog\/#website\"},\"primaryImageOfPage\":{\"@id\":\"https:\/\/www.disalconsorcio.com.br\/blog\/qual-e-o-carro-ideal-para-seu-momento\/#primaryimage\"},\"image\":{\"@id\":\"https:\/\/www.disalconsorcio.com.br\/blog\/qual-e-o-carro-ideal-para-seu-momento\/#primaryimage\"},\"thumbnailUrl\":\"https:\/\/www.disalconsorcio.com.br\/blog\/wp-content\/uploads\/2019\/04\/carro-ideal-1410x705.png\",\"datePublished\":\"2019-04-26T14:07:22+00:00\",\"dateModified\":\"2022-09-23T18:07:22+00:00\",\"description\":\"Picape? Sed\u00e3? SUV? Compacto? Ou esportivo? Qual \u00e9 o carro ideal para o perfil da sua fam\u00edlia? Trouxemos algumas dicas para voc\u00ea fazer uma compra racional.\",\"breadcrumb\":{\"@id\":\"https:\/\/www.disalconsorcio.com.br\/blog\/qual-e-o-carro-ideal-para-seu-momento\/#breadcrumb\"},\"inLanguage\":\"pt-BR\",\"potentialAction\":[{\"@type\":\"ReadAction\",\"target\":[\"https:\/\/www.disalconsorcio.com.br\/blog\/qual-e-o-carro-ideal-para-seu-momento\/\"]}]},{\"@type\":\"ImageObject\",\"inLanguage\":\"pt-BR\",\"@id\":\"https:\/\/www.disalconsorcio.com.br\/blog\/qual-e-o-carro-ideal-para-seu-momento\/#primaryimage\",\"url\":\"https:\/\/www.disalconsorcio.com.br\/blog\/wp-content\/uploads\/2019\/04\/carro-ideal-1410x705.png\",\"contentUrl\":\"https:\/\/www.disalconsorcio.com.br\/blog\/wp-content\/uploads\/2019\/04\/carro-ideal-1410x705.png\",\"width\":1410,\"height\":705},{\"@type\":\"BreadcrumbList\",\"@id\":\"https:\/\/www.disalconsorcio.com.br\/blog\/qual-e-o-carro-ideal-para-seu-momento\/#breadcrumb\",\"itemListElement\":[{\"@type\":\"ListItem\",\"position\":1,\"name\":\"In\u00edcio\",\"item\":\"https:\/\/www.disalconsorcio.com.br\/blog\/\"},{\"@type\":\"ListItem\",\"position\":2,\"name\":\"Carro: Qual \u00e9 o ideal para o perfil da sua fam\u00edlia? Confira!\"}]},{\"@type\":\"WebSite\",\"@id\":\"https:\/\/www.disalconsorcio.com.br\/blog\/#website\",\"url\":\"https:\/\/www.disalconsorcio.com.br\/blog\/\",\"name\":\"Blog Disal Cons\u00f3rcio\",\"description\":\"D\u00favidas e novidades\",\"publisher\":{\"@id\":\"https:\/\/www.disalconsorcio.com.br\/blog\/#organization\"},\"potentialAction\":[{\"@type\":\"SearchAction\",\"target\":{\"@type\":\"EntryPoint\",\"urlTemplate\":\"https:\/\/www.disalconsorcio.com.br\/blog\/?s={search_term_string}\"},\"query-input\":\"required name=search_term_string\"}],\"inLanguage\":\"pt-BR\"},{\"@type\":\"Organization\",\"@id\":\"https:\/\/www.disalconsorcio.com.br\/blog\/#organization\",\"name\":\"Blog Disal Cons\u00f3rcio\",\"url\":\"https:\/\/www.disalconsorcio.com.br\/blog\/\",\"logo\":{\"@type\":\"ImageObject\",\"inLanguage\":\"pt-BR\",\"@id\":\"https:\/\/www.disalconsorcio.com.br\/blog\/#\/schema\/logo\/image\/\",\"url\":\"https:\/\/www.disalconsorcio.com.br\/blog\/wp-content\/uploads\/2023\/02\/logo-D-02-GG.png\",\"contentUrl\":\"https:\/\/www.disalconsorcio.com.br\/blog\/wp-content\/uploads\/2023\/02\/logo-D-02-GG.png\",\"width\":1200,\"height\":1060,\"caption\":\"Blog Disal Cons\u00f3rcio\"},\"image\":{\"@id\":\"https:\/\/www.disalconsorcio.com.br\/blog\/#\/schema\/logo\/image\/\"},\"sameAs\":[\"http:\/\/facebook.com\/DisalConsorcioOficial\",\"http:\/\/instagram.com\/disalconsorciooficial\",\"https:\/\/www.linkedin.com\/company\/disal-administradora-de-consrcios\",\"https:\/\/www.youtube.com\/DisalOficial\"]},{\"@type\":\"Person\",\"@id\":\"https:\/\/www.disalconsorcio.com.br\/blog\/#\/schema\/person\/8c47fdecda258f66a16a9c13c0d5e0e6\",\"name\":\"Angela Cavalcanti\"}]}<\/script>\r\n<!-- \/ Yoast SEO plugin. -->","yoast_head_json":{"title":"Carro: Qual \u00e9 o ideal para o perfil da sua fam\u00edlia? Confira!","description":"Picape? Sed\u00e3? SUV? Compacto? Ou esportivo? Qual \u00e9 o carro ideal para o perfil da sua fam\u00edlia? Trouxemos algumas dicas para voc\u00ea fazer uma compra racional.","robots":{"index":"index","follow":"follow","max-snippet":"max-snippet:-1","max-image-preview":"max-image-preview:large","max-video-preview":"max-video-preview:-1"},"canonical":"https:\/\/www.disalconsorcio.com.br\/blog\/qual-e-o-carro-ideal-para-seu-momento\/","og_locale":"pt_BR","og_type":"article","og_title":"Carro: Qual \u00e9 o ideal para o perfil da sua fam\u00edlia? Confira!","og_description":"Picape? Sed\u00e3? SUV? Compacto? Ou esportivo? Qual \u00e9 o carro ideal para o perfil da sua fam\u00edlia? Trouxemos algumas dicas para voc\u00ea fazer uma compra racional.","og_url":"https:\/\/www.disalconsorcio.com.br\/blog\/qual-e-o-carro-ideal-para-seu-momento\/","og_site_name":"Blog Disal Cons\u00f3rcio","article_publisher":"http:\/\/facebook.com\/DisalConsorcioOficial","article_published_time":"2019-04-26T14:07:22+00:00","article_modified_time":"2022-09-23T18:07:22+00:00","og_image":[{"width":1410,"height":705,"url":"https:\/\/www.disalconsorcio.com.br\/blog\/wp-content\/uploads\/2019\/04\/carro-ideal-1410x705.png","type":"image\/png"}],"author":"Angela Cavalcanti","twitter_card":"summary_large_image","twitter_misc":{"Escrito por":"Angela Cavalcanti","Est. tempo de leitura":"2 minutos"},"schema":{"@context":"https:\/\/schema.org","@graph":[{"@type":"Article","@id":"https:\/\/www.disalconsorcio.com.br\/blog\/qual-e-o-carro-ideal-para-seu-momento\/#article","isPartOf":{"@id":"https:\/\/www.disalconsorcio.com.br\/blog\/qual-e-o-carro-ideal-para-seu-momento\/"},"author":{"name":"Angela Cavalcanti","@id":"https:\/\/www.disalconsorcio.com.br\/blog\/#\/schema\/person\/8c47fdecda258f66a16a9c13c0d5e0e6"},"headline":"Carro: Qual \u00e9 o ideal para o perfil da sua fam\u00edlia? Confira!","datePublished":"2019-04-26T14:07:22+00:00","dateModified":"2022-09-23T18:07:22+00:00","mainEntityOfPage":{"@id":"https:\/\/www.disalconsorcio.com.br\/blog\/qual-e-o-carro-ideal-para-seu-momento\/"},"wordCount":487,"commentCount":0,"publisher":{"@id":"https:\/\/www.disalconsorcio.com.br\/blog\/#organization"},"image":{"@id":"https:\/\/www.disalconsorcio.com.br\/blog\/qual-e-o-carro-ideal-para-seu-momento\/#primaryimage"},"thumbnailUrl":"https:\/\/www.disalconsorcio.com.br\/blog\/wp-content\/uploads\/2019\/04\/carro-ideal-1410x705.png","keywords":["carro","consorcio","consorcio de carros","cons\u00f3rcio de ve\u00edculos","perfil de carro","ve\u00edculos leves"],"articleSection":["Qual carro escolher?"],"inLanguage":"pt-BR","potentialAction":[{"@type":"CommentAction","name":"Comment","target":["https:\/\/www.disalconsorcio.com.br\/blog\/qual-e-o-carro-ideal-para-seu-momento\/#respond"]}]},{"@type":"WebPage","@id":"https:\/\/www.disalconsorcio.com.br\/blog\/qual-e-o-carro-ideal-para-seu-momento\/","url":"https:\/\/www.disalconsorcio.com.br\/blog\/qual-e-o-carro-ideal-para-seu-momento\/","name":"Carro: Qual \u00e9 o ideal para o perfil da sua fam\u00edlia? Confira!","isPartOf":{"@id":"https:\/\/www.disalconsorcio.com.br\/blog\/#website"},"primaryImageOfPage":{"@id":"https:\/\/www.disalconsorcio.com.br\/blog\/qual-e-o-carro-ideal-para-seu-momento\/#primaryimage"},"image":{"@id":"https:\/\/www.disalconsorcio.com.br\/blog\/qual-e-o-carro-ideal-para-seu-momento\/#primaryimage"},"thumbnailUrl":"https:\/\/www.disalconsorcio.com.br\/blog\/wp-content\/uploads\/2019\/04\/carro-ideal-1410x705.png","datePublished":"2019-04-26T14:07:22+00:00","dateModified":"2022-09-23T18:07:22+00:00","description":"Picape? Sed\u00e3? SUV? Compacto? Ou esportivo? Qual \u00e9 o carro ideal para o perfil da sua fam\u00edlia? Trouxemos algumas dicas para voc\u00ea fazer uma compra racional.","breadcrumb":{"@id":"https:\/\/www.disalconsorcio.com.br\/blog\/qual-e-o-carro-ideal-para-seu-momento\/#breadcrumb"},"inLanguage":"pt-BR","potentialAction":[{"@type":"ReadAction","target":["https:\/\/www.disalconsorcio.com.br\/blog\/qual-e-o-carro-ideal-para-seu-momento\/"]}]},{"@type":"ImageObject","inLanguage":"pt-BR","@id":"https:\/\/www.disalconsorcio.com.br\/blog\/qual-e-o-carro-ideal-para-seu-momento\/#primaryimage","url":"https:\/\/www.disalconsorcio.com.br\/blog\/wp-content\/uploads\/2019\/04\/carro-ideal-1410x705.png","contentUrl":"https:\/\/www.disalconsorcio.com.br\/blog\/wp-content\/uploads\/2019\/04\/carro-ideal-1410x705.png","width":1410,"height":705},{"@type":"BreadcrumbList","@id":"https:\/\/www.disalconsorcio.com.br\/blog\/qual-e-o-carro-ideal-para-seu-momento\/#breadcrumb","itemListElement":[{"@type":"ListItem","position":1,"name":"In\u00edcio","item":"https:\/\/www.disalconsorcio.com.br\/blog\/"},{"@type":"ListItem","position":2,"name":"Carro: Qual \u00e9 o ideal para o perfil da sua fam\u00edlia? Confira!"}]},{"@type":"WebSite","@id":"https:\/\/www.disalconsorcio.com.br\/blog\/#website","url":"https:\/\/www.disalconsorcio.com.br\/blog\/","name":"Blog Disal Cons\u00f3rcio","description":"D\u00favidas e novidades","publisher":{"@id":"https:\/\/www.disalconsorcio.com.br\/blog\/#organization"},"potentialAction":[{"@type":"SearchAction","target":{"@type":"EntryPoint","urlTemplate":"https:\/\/www.disalconsorcio.com.br\/blog\/?s={search_term_string}"},"query-input":"required name=search_term_string"}],"inLanguage":"pt-BR"},{"@type":"Organization","@id":"https:\/\/www.disalconsorcio.com.br\/blog\/#organization","name":"Blog Disal Cons\u00f3rcio","url":"https:\/\/www.disalconsorcio.com.br\/blog\/","logo":{"@type":"ImageObject","inLanguage":"pt-BR","@id":"https:\/\/www.disalconsorcio.com.br\/blog\/#\/schema\/logo\/image\/","url":"https:\/\/www.disalconsorcio.com.br\/blog\/wp-content\/uploads\/2023\/02\/logo-D-02-GG.png","contentUrl":"https:\/\/www.disalconsorcio.com.br\/blog\/wp-content\/uploads\/2023\/02\/logo-D-02-GG.png","width":1200,"height":1060,"caption":"Blog Disal Cons\u00f3rcio"},"image":{"@id":"https:\/\/www.disalconsorcio.com.br\/blog\/#\/schema\/logo\/image\/"},"sameAs":["http:\/\/facebook.com\/DisalConsorcioOficial","http:\/\/instagram.com\/disalconsorciooficial","https:\/\/www.linkedin.com\/company\/disal-administradora-de-consrcios","https:\/\/www.youtube.com\/DisalOficial"]},{"@type":"Person","@id":"https:\/\/www.disalconsorcio.com.br\/blog\/#\/schema\/person\/8c47fdecda258f66a16a9c13c0d5e0e6","name":"Angela Cavalcanti"}]}},"_links":{"self":[{"href":"https:\/\/www.disalconsorcio.com.br\/blog\/wp-json\/wp\/v2\/posts\/1975"}],"collection":[{"href":"https:\/\/www.disalconsorcio.com.br\/blog\/wp-json\/wp\/v2\/posts"}],"about":[{"href":"https:\/\/www.disalconsorcio.com.br\/blog\/wp-json\/wp\/v2\/types\/post"}],"author":[{"embeddable":true,"href":"https:\/\/www.disalconsorcio.com.br\/blog\/wp-json\/wp\/v2\/users\/14"}],"replies":[{"embeddable":true,"href":"https:\/\/www.disalconsorcio.com.br\/blog\/wp-json\/wp\/v2\/comments?post=1975"}],"version-history":[{"count":6,"href":"https:\/\/www.disalconsorcio.com.br\/blog\/wp-json\/wp\/v2\/posts\/1975\/revisions"}],"predecessor-version":[{"id":7833,"href":"https:\/\/www.disalconsorcio.com.br\/blog\/wp-json\/wp\/v2\/posts\/1975\/revisions\/7833"}],"wp:featuredmedia":[{"embeddable":true,"href":"https:\/\/www.disalconsorcio.com.br\/blog\/wp-json\/wp\/v2\/media\/2032"}],"wp:attachment":[{"href":"https:\/\/www.disalconsorcio.com.br\/blog\/wp-json\/wp\/v2\/media?parent=1975"}],"wp:term":[{"taxonomy":"category","embeddable":true,"href":"https:\/\/www.disalconsorcio.com.br\/blog\/wp-json\/wp\/v2\/categories?post=1975"},{"taxonomy":"post_tag","embeddable":true,"href":"https:\/\/www.disalconsorcio.com.br\/blog\/wp-json\/wp\/v2\/tags?post=1975"}],"curies":[{"name":"wp","href":"https:\/\/api.w.org\/{rel}","templated":true}]}}