{"id":6710,"date":"2022-07-13T14:28:49","date_gmt":"2022-07-13T14:28:49","guid":{"rendered":"https:\/\/www.disalconsorcio.com.br\/blog\/?p=6710"},"modified":"2022-09-23T19:32:13","modified_gmt":"2022-09-23T19:32:13","slug":"como-colocar-placa-preta-no-seu-veiculo","status":"publish","type":"post","link":"https:\/\/www.disalconsorcio.com.br\/blog\/como-colocar-placa-preta-no-seu-veiculo\/","title":{"rendered":"Como colocar Placa Preta? O que mudou com a placa Mercosul?"},"content":{"rendered":"<p>Amantes do <a href=\"https:\/\/www.disalconsorcio.com.br\/blog\/dia-do-automovel-a-paixao-pelo-antigomobilismo\/\">antigomobilismo<\/a> j\u00e1 devem ter ouvido falar da famosa placa preta, que identifica carros antigos. Em 98, ve\u00edculos come\u00e7aram a ser diferenciados nas ruas com uma placa preta. Que acabou se tornando objeto de desejo dos apaixonados e colecionadores de carros.<\/p>\n<p>No entanto, a ado\u00e7\u00e3o da nova placa Mercosul trouxe uma not\u00edcia triste para os <a href=\"https:\/\/www.disalconsorcio.com.br\/blog\/dia-do-automovel-a-paixao-pelo-antigomobilismo\/\">antigomobilistas<\/a>. O novo padr\u00e3o fez com que a placa preta \u201cdeixasse de existir\u201d, dando outro visual para identificar os ve\u00edculos antigos.<\/p>\n<p>Resumindo&#8230; a placa preta Mercosul deixou de ser preta.<\/p>\n<p>Mas depois de muita luta, os f\u00e3s e colecionadores de carros antigos obtiveram uma vit\u00f3ria. A placa preta voltou a ser PRETA!<\/p>\n<figure id=\"attachment_6416\" aria-describedby=\"caption-attachment-6416\" style=\"width: 1005px\" class=\"wp-caption alignnone\"><img loading=\"lazy\" decoding=\"async\" class=\"wp-image-6416\" src=\"https:\/\/www.disalconsorcio.com.br\/blog\/wp-content\/uploads\/2022\/05\/placa-preta-sp-866x485.jpg\" alt=\"Imagem: Divulga\u00e7\u00e3o | Placa Preta\" width=\"1005\" height=\"563\" srcset=\"https:\/\/www.disalconsorcio.com.br\/blog\/wp-content\/uploads\/2022\/05\/placa-preta-sp-866x485.jpg 866w, https:\/\/www.disalconsorcio.com.br\/blog\/wp-content\/uploads\/2022\/05\/placa-preta-sp-150x84.jpg 150w, https:\/\/www.disalconsorcio.com.br\/blog\/wp-content\/uploads\/2022\/05\/placa-preta-sp-768x430.jpg 768w, https:\/\/www.disalconsorcio.com.br\/blog\/wp-content\/uploads\/2022\/05\/placa-preta-sp.jpg 1000w\" sizes=\"(max-width: 1005px) 100vw, 1005px\" \/><figcaption id=\"caption-attachment-6416\" class=\"wp-caption-text\">Imagem: Divulga\u00e7\u00e3o | Placa Preta<\/figcaption><\/figure>\n<p>&nbsp;<\/p>\n<h2>Placa preta, o que \u00e9?<\/h2>\n<p>Voc\u00ea com certeza j\u00e1 viu alguns carros circulando por a\u00ed com essas placas. Criada a partir de uma lei em 1998, ela \u00e9 concedida em condi\u00e7\u00f5es espec\u00edficas para ve\u00edculos de cole\u00e7\u00e3o. Pouca gente sabe, mas al\u00e9m de carros, motos e caminh\u00f5es tamb\u00e9m podem receber o item.<\/p>\n<div class=\"mceTemp\"><\/div>\n<p>A placa preta surgiu para diferenciar os autom\u00f3veis antigos, dando status de item de colecionador. A conquista da placa funciona como uma forma de valoriza\u00e7\u00e3o do bem que ter\u00e1 valor de revenda maior do que um modelo de mesmo ano que n\u00e3o esteja conservado ou com itens originais.<\/p>\n<p>A placa tamb\u00e9m \u00e9 uma forma de realiza\u00e7\u00e3o para o propriet\u00e1rio. \u00c9 um orgulho ter um ve\u00edculo em excelente estado de conserva\u00e7\u00e3o que mostra ter sido muito bem cuidado ao longo da vida.<\/p>\n<p><a href=\"https:\/\/linktr.ee\/appdisal?utm_source=blog_disal&amp;utm_medium=site&amp;utm_campaign=lan%C3%A7amento_app_disal_2022_blog&amp;guid_campaign=d37cd5a8-b8ff-4f91-9c10-edfb3d794416&amp;utm_term=lan%C3%A7amento_app_disal_2022_blog\"><img loading=\"lazy\" decoding=\"async\" class=\"alignnone wp-image-6684\" src=\"https:\/\/www.disalconsorcio.com.br\/blog\/wp-content\/uploads\/2022\/06\/Banner-Blog-Lan%C3%A7amento-App-1005-x-200-px-Disal-Cons%C3%B3rcio-970x193.png\" sizes=\"(max-width: 1005px) 100vw, 1005px\" srcset=\"https:\/\/www.disalconsorcio.com.br\/blog\/wp-content\/uploads\/2022\/06\/Banner-Blog-Lan\u00e7amento-App-1005-x-200-px-Disal-Cons\u00f3rcio-970x193.png 970w, https:\/\/www.disalconsorcio.com.br\/blog\/wp-content\/uploads\/2022\/06\/Banner-Blog-Lan\u00e7amento-App-1005-x-200-px-Disal-Cons\u00f3rcio-150x30.png 150w, https:\/\/www.disalconsorcio.com.br\/blog\/wp-content\/uploads\/2022\/06\/Banner-Blog-Lan\u00e7amento-App-1005-x-200-px-Disal-Cons\u00f3rcio-768x153.png 768w, https:\/\/www.disalconsorcio.com.br\/blog\/wp-content\/uploads\/2022\/06\/Banner-Blog-Lan\u00e7amento-App-1005-x-200-px-Disal-Cons\u00f3rcio.png 1005w\" alt=\"App Disal+ Clientes\" width=\"1005\" height=\"200\" \/><\/a><\/p>\n<div class=\"mceTemp\"><\/div>\n<h3><strong>O que mudou com a placa preta Mercosul?<\/strong><\/h3>\n<p>A placa Mercosul, entrou em vigor em janeiro de 2020 no Brasil. \u00c9 o novo sistema de identifica\u00e7\u00e3o veicular com o objetivo de unificar o padr\u00e3o em todos os pa\u00edses da Am\u00e9rica do Sul. A ideia \u00e9 que as placas sigam sempre o mesmo modelo, sendo diferenciadas apenas pela bandeira e por alguns detalhes menores.<\/p>\n<p>As mudan\u00e7as iniciais apresentadas pelo novo visual, a identifica\u00e7\u00e3o dos ve\u00edculos antigos tamb\u00e9m foi alterada. A nova placa preta Mercosul deixou de ter fundo preto, e passou a se diferenciar apenas pela mudan\u00e7a na cor das letras e algarismos, adotando um tom de cinza.<\/p>\n<p>Essa mudan\u00e7a, deixou os apaixonados pelo <a href=\"https:\/\/www.disalconsorcio.com.br\/blog\/dia-do-automovel-a-paixao-pelo-antigomobilismo\/\">antigomobilismo<\/a> frustrados, gerando um grande movimento de solicita\u00e7\u00f5es para a revis\u00e3o dessa decis\u00e3o.<\/p>\n<p>A boa not\u00edcia \u00e9 que esse movimento gerou resultado. Em dezembro de 2021, o Contran estabeleceu que a placa preta Mercosul voltar\u00e1 a ser preta. Mantendo o padr\u00e3o alinhado com as diretrizes do bloco econ\u00f4mico, com as letras e n\u00fameros brancos e a faixa azul com a sinaliza\u00e7\u00e3o do pa\u00eds.<\/p>\n<p>Apesar dessa decis\u00e3o ter sido tomada em 2021, as novas placas s\u00f3 come\u00e7aram a ser vistas no segundo semestre de 2022. Essa demora serviu para que os fornecedores e \u00f3rg\u00e3os de tr\u00e2nsito pudessem se organizar e se adequar ao novo padr\u00e3o.<\/p>\n<p><em><strong>Detalhe importante<\/strong>: a nova placa preta tem validade nacional. Ou seja, quem sair do pa\u00eds deve retornar ao padr\u00e3o anterior.<\/em><\/p>\n<figure id=\"attachment_6711\" aria-describedby=\"caption-attachment-6711\" style=\"width: 1005px\" class=\"wp-caption alignnone\"><img loading=\"lazy\" decoding=\"async\" class=\"wp-image-6711\" src=\"https:\/\/www.disalconsorcio.com.br\/blog\/wp-content\/uploads\/2022\/07\/placa-preta-modelo.jpg\" alt=\"Imagem: Divulga\u00e7\u00e3o | Placa Preta\" width=\"1005\" height=\"383\" srcset=\"https:\/\/www.disalconsorcio.com.br\/blog\/wp-content\/uploads\/2022\/07\/placa-preta-modelo.jpg 768w, https:\/\/www.disalconsorcio.com.br\/blog\/wp-content\/uploads\/2022\/07\/placa-preta-modelo-150x57.jpg 150w\" sizes=\"(max-width: 1005px) 100vw, 1005px\" \/><figcaption id=\"caption-attachment-6711\" class=\"wp-caption-text\">Imagem: Divulga\u00e7\u00e3o | Placa Preta<\/figcaption><\/figure>\n<p>&nbsp;<\/p>\n<h3>O que \u00e9 necess\u00e1rio para conseguir a placa preta?<\/h3>\n<p>Segundo o Conselho Nacional de Tr\u00e2nsito (CONTRAN) para obter a placa preta \u00e9 preciso:<\/p>\n<p>\u2022 Ter sido fabricado h\u00e1 mais de 30 anos<\/p>\n<p>\u2022 Conservar as caracter\u00edsticas originais de fabrica\u00e7\u00e3o<\/p>\n<p>O carro precisa estar com 80% dos itens e pe\u00e7as originais e em \u00f3timo estado de conserva\u00e7\u00e3o.<\/p>\n<p>\u2022 Fazer parte de uma cole\u00e7\u00e3o<\/p>\n<p>Sobre o ve\u00edculo fazer parte de uma cole\u00e7\u00e3o, n\u00e3o quer dizer que voc\u00ea precisa ter mais de um ve\u00edculo, mas ser afiliado a um clube de colecionadores.<\/p>\n<p>S\u00e3o os clubes que certificam a autenticidade das pe\u00e7as do seu carro. Ap\u00f3s a vistoria presencial, que pode ser muito criteriosa, \u00e9 gerado o Certificado de Originalidade, documento necess\u00e1rio para conseguir a t\u00e3o sonhada placa preta.<\/p>\n<p>Mas tome cuidado, apenas clubes reconhecidos pelo DENATRAN (Departamento Nacional de Tr\u00e2nsito) podem emitir o Certificado de Originalidade. Pesquise com cuidado antes de se afiliar e por algum clube.<\/p>\n<figure id=\"attachment_6419\" aria-describedby=\"caption-attachment-6419\" style=\"width: 1005px\" class=\"wp-caption alignnone\"><img loading=\"lazy\" decoding=\"async\" class=\"wp-image-6419\" src=\"https:\/\/www.disalconsorcio.com.br\/blog\/wp-content\/uploads\/2022\/05\/placa-preta-727x485.jpg\" alt=\"Imagem: Divulga\u00e7\u00e3o | Placa Preta\" width=\"1005\" height=\"671\" srcset=\"https:\/\/www.disalconsorcio.com.br\/blog\/wp-content\/uploads\/2022\/05\/placa-preta-727x485.jpg 727w, https:\/\/www.disalconsorcio.com.br\/blog\/wp-content\/uploads\/2022\/05\/placa-preta-150x100.jpg 150w, https:\/\/www.disalconsorcio.com.br\/blog\/wp-content\/uploads\/2022\/05\/placa-preta-768x513.jpg 768w, https:\/\/www.disalconsorcio.com.br\/blog\/wp-content\/uploads\/2022\/05\/placa-preta-1056x705.jpg 1056w, https:\/\/www.disalconsorcio.com.br\/blog\/wp-content\/uploads\/2022\/05\/placa-preta.jpg 1110w\" sizes=\"(max-width: 1005px) 100vw, 1005px\" \/><figcaption id=\"caption-attachment-6419\" class=\"wp-caption-text\">Imagem: Divulga\u00e7\u00e3o | Placa Preta<\/figcaption><\/figure>\n<p>&nbsp;<\/p>\n<h3>Posso solicitar a placa preta para o meu carro?<\/h3>\n<p>Qualquer ve\u00edculo pode solicitar a placa, seja carro, moto ou caminh\u00e3o. Como falamos, o primeiro passo \u00e9 ver se o seu ve\u00edculo se enquadra nos pr\u00e9-requisitos. O segundo passo \u00e9 retirar o Certificado de Originalidade. Depois dessas etapas voc\u00ea deve procurar o Detran do seu estado para verificar a lista de documentos necess\u00e1rios para dar entrada no pedido da nova placa. Se tudo estiver correto, no novo documento vai mudar de \u201cpassageiro\u201d para \u201ccole\u00e7\u00e3o\u201d.<\/p>\n<h3>Sua paix\u00e3o por ve\u00edculos ainda n\u00e3o come\u00e7ou? A Disal Cons\u00f3rcio te ajuda!<\/h3>\n<p>Com mais de tr\u00eas d\u00e9cadas de atua\u00e7\u00e3o, a\u00a0<a href=\"https:\/\/www.disalconsorcio.com.br\/etapa-1?utm_source=Blog&amp;utm_medium=organico&amp;utm_campaign=blog-organico-conteudo-simula%C3%A7%C3%A3o&amp;guid_campaign=42529de3-8d0c-42cc-ba60-1562457fa993&amp;utm_term=Blog\">Disal Cons\u00f3rcio<\/a>\u00a0j\u00e1 vendeu mais de 1 milh\u00e3o de cotas e est\u00e1 presente em todo o Brasil, por meio de uma Rede Autorizada formada por mais de 450 pontos de vendas.<\/p>\n<p>Na\u00a0<a href=\"https:\/\/www.disalconsorcio.com.br\/etapa-1?utm_source=Blog&amp;utm_medium=organico&amp;utm_campaign=blog-organico-conteudo-simula%C3%A7%C3%A3o&amp;guid_campaign=42529de3-8d0c-42cc-ba60-1562457fa993&amp;utm_term=Blog\">Disal<\/a>\u00a0voc\u00ea adquire sua cota de\u00a0<a href=\"https:\/\/www.disalconsorcio.com.br\/etapa-1?utm_source=Blog&amp;utm_medium=organico&amp;utm_campaign=blog-organico-conteudo-simula%C3%A7%C3%A3o&amp;guid_campaign=42529de3-8d0c-42cc-ba60-1562457fa993&amp;utm_term=Blog\">cons\u00f3rcio<\/a>\u00a0para conquistar o seu\u00a0<a href=\"https:\/\/www.disalconsorcio.com.br\/blog\/carro-ou-moto-a-disal-te-ajuda-a-tomar-essa-decisao\/\">ve\u00edculo<\/a>, com a praticidade e seguran\u00e7a. Voc\u00ea fica mais pr\u00f3ximo da sua conquista.<\/p>\n<p>Para adquirir sua cota de\u00a0<a href=\"https:\/\/www.disalconsorcio.com.br\/etapa-1?utm_source=Blog&amp;utm_medium=organico&amp;utm_campaign=blog-organico-conteudo-simula%C3%A7%C3%A3o&amp;guid_campaign=42529de3-8d0c-42cc-ba60-1562457fa993&amp;utm_term=Blog\">cons\u00f3rcio Disal<\/a>, basta fazer a sua simula\u00e7\u00e3o\u00a0<a href=\"https:\/\/www.disalconsorcio.com.br\/etapa-1?utm_source=Blog&amp;utm_medium=organico&amp;utm_campaign=blog-organico-conteudo-simula%C3%A7%C3%A3o&amp;guid_campaign=42529de3-8d0c-42cc-ba60-1562457fa993&amp;utm_term=Blog\">clicando aqui<\/a>.<\/p>\n<p>Ap\u00f3s isso, um dos nossos representantes ir\u00e1 entrar em contato com voc\u00ea para poder dar sequ\u00eancia no seu atendimento.<\/p>\n<p>Voc\u00ea escolhe o <a href=\"https:\/\/www.disalconsorcio.com.br\/blog\/carro-ou-moto-a-disal-te-ajuda-a-tomar-essa-decisao\/\">ve\u00edculo de sua preferencia<\/a>\u00a0e o valor da sua parcela.<\/p>\n<p>N\u00e3o perca mais tempo e comece a\u00a0<a href=\"https:\/\/www.disalconsorcio.com.br\/etapa-1?utm_source=Blog&amp;utm_medium=organico&amp;utm_campaign=blog-organico-conteudo-simula%C3%A7%C3%A3o&amp;guid_campaign=42529de3-8d0c-42cc-ba60-1562457fa993&amp;utm_term=Blog\">planejar essa conquista<\/a>!<\/p>\n<p><a href=\"https:\/\/www.disalconsorcio.com.br\/etapa-1?utm_source=Blog&amp;utm_medium=organico&amp;utm_campaign=blog-organico-conteudo-simula%C3%A7%C3%A3o&amp;guid_campaign=42529de3-8d0c-42cc-ba60-1562457fa993&amp;utm_term=Blog\"><img loading=\"lazy\" decoding=\"async\" class=\"alignnone wp-image-6300\" src=\"https:\/\/www.disalconsorcio.com.br\/blog\/wp-content\/uploads\/2022\/04\/Banner-Blog-1005-x-200-px-Disal-Cons%C3%B3rcio-970x193.png\" sizes=\"(max-width: 1005px) 100vw, 1005px\" srcset=\"https:\/\/www.disalconsorcio.com.br\/blog\/wp-content\/uploads\/2022\/04\/Banner-Blog-1005-x-200-px-Disal-Cons\u00f3rcio-970x193.png 970w, https:\/\/www.disalconsorcio.com.br\/blog\/wp-content\/uploads\/2022\/04\/Banner-Blog-1005-x-200-px-Disal-Cons\u00f3rcio-150x30.png 150w, https:\/\/www.disalconsorcio.com.br\/blog\/wp-content\/uploads\/2022\/04\/Banner-Blog-1005-x-200-px-Disal-Cons\u00f3rcio-768x153.png 768w, https:\/\/www.disalconsorcio.com.br\/blog\/wp-content\/uploads\/2022\/04\/Banner-Blog-1005-x-200-px-Disal-Cons\u00f3rcio.png 1005w\" alt=\"simule_agora_2022\" width=\"1005\" height=\"200\" \/><\/a><\/p>\n","protected":false},"excerpt":{"rendered":"<p>Amantes do antigomobilismo j\u00e1 devem ter ouvido falar da famosa placa preta, que identifica carros antigos. Em 98, ve\u00edculos come\u00e7aram a ser diferenciados nas ruas com uma placa preta. Que acabou se tornando objeto de desejo dos apaixonados e colecionadores de carros. No entanto, a ado\u00e7\u00e3o da nova placa Mercosul trouxe uma not\u00edcia triste para <span class=\"readMore\" style=\"color:#15427c;\">[&#8230;]<\/span><\/p>\n","protected":false},"author":14,"featured_media":6416,"comment_status":"open","ping_status":"open","sticky":false,"template":"","format":"standard","meta":{"_acf_changed":false,"footnotes":""},"categories":[504],"tags":[49,15,146,171,233,747,582,716,748,744,627,107,408],"acf":[],"yoast_head":"<!-- This site is optimized with the Yoast SEO plugin v22.8 - https:\/\/yoast.com\/wordpress\/plugins\/seo\/ -->\r\n<title>Como colocar Placa Preta no seu ve\u00edculo? Mudou com a placa Mercosul?<\/title>\r\n<meta name=\"description\" content=\"Amantes do antigomobilismo j\u00e1 devem ter ouvido falar da famosa placa preta, que identifica carros antigos. Mas o que \u00e9 essa placa preta?\" \/>\r\n<meta name=\"robots\" content=\"index, follow, max-snippet:-1, max-image-preview:large, max-video-preview:-1\" \/>\r\n<link rel=\"canonical\" href=\"https:\/\/www.disalconsorcio.com.br\/blog\/como-colocar-placa-preta-no-seu-veiculo\/\" \/>\r\n<meta property=\"og:locale\" content=\"pt_BR\" \/>\r\n<meta property=\"og:type\" content=\"article\" \/>\r\n<meta property=\"og:title\" content=\"Como colocar Placa Preta no seu ve\u00edculo? Mudou com a placa Mercosul?\" \/>\r\n<meta property=\"og:description\" content=\"Amantes do antigomobilismo j\u00e1 devem ter ouvido falar da famosa placa preta, que identifica carros antigos. Mas o que \u00e9 essa placa preta?\" \/>\r\n<meta property=\"og:url\" content=\"https:\/\/www.disalconsorcio.com.br\/blog\/como-colocar-placa-preta-no-seu-veiculo\/\" \/>\r\n<meta property=\"og:site_name\" content=\"Blog Disal Cons\u00f3rcio\" \/>\r\n<meta property=\"article:publisher\" content=\"http:\/\/facebook.com\/DisalConsorcioOficial\" \/>\r\n<meta property=\"article:published_time\" content=\"2022-07-13T14:28:49+00:00\" \/>\r\n<meta property=\"article:modified_time\" content=\"2022-09-23T19:32:13+00:00\" \/>\r\n<meta property=\"og:image\" content=\"https:\/\/www.disalconsorcio.com.br\/blog\/wp-content\/uploads\/2022\/05\/placa-preta-sp.jpg\" \/>\r\n\t<meta property=\"og:image:width\" content=\"1000\" \/>\r\n\t<meta property=\"og:image:height\" content=\"560\" \/>\r\n\t<meta property=\"og:image:type\" content=\"image\/jpeg\" \/>\r\n<meta name=\"author\" content=\"Angela Cavalcanti\" \/>\r\n<meta name=\"twitter:card\" content=\"summary_large_image\" \/>\r\n<meta name=\"twitter:label1\" content=\"Escrito por\" \/>\n\t<meta name=\"twitter:data1\" content=\"Angela Cavalcanti\" \/>\n\t<meta name=\"twitter:label2\" content=\"Est. tempo de leitura\" \/>\n\t<meta name=\"twitter:data2\" content=\"5 minutos\" \/>\r\n<script type=\"application\/ld+json\" class=\"yoast-schema-graph\">{\"@context\":\"https:\/\/schema.org\",\"@graph\":[{\"@type\":\"Article\",\"@id\":\"https:\/\/www.disalconsorcio.com.br\/blog\/como-colocar-placa-preta-no-seu-veiculo\/#article\",\"isPartOf\":{\"@id\":\"https:\/\/www.disalconsorcio.com.br\/blog\/como-colocar-placa-preta-no-seu-veiculo\/\"},\"author\":{\"name\":\"Angela Cavalcanti\",\"@id\":\"https:\/\/www.disalconsorcio.com.br\/blog\/#\/schema\/person\/8c47fdecda258f66a16a9c13c0d5e0e6\"},\"headline\":\"Como colocar Placa Preta? O que mudou com a placa Mercosul?\",\"datePublished\":\"2022-07-13T14:28:49+00:00\",\"dateModified\":\"2022-09-23T19:32:13+00:00\",\"mainEntityOfPage\":{\"@id\":\"https:\/\/www.disalconsorcio.com.br\/blog\/como-colocar-placa-preta-no-seu-veiculo\/\"},\"wordCount\":963,\"commentCount\":0,\"publisher\":{\"@id\":\"https:\/\/www.disalconsorcio.com.br\/blog\/#organization\"},\"image\":{\"@id\":\"https:\/\/www.disalconsorcio.com.br\/blog\/como-colocar-placa-preta-no-seu-veiculo\/#primaryimage\"},\"thumbnailUrl\":\"https:\/\/www.disalconsorcio.com.br\/blog\/wp-content\/uploads\/2022\/05\/placa-preta-sp.jpg\",\"keywords\":[\"chevrolet\",\"consorcio\",\"cons\u00f3rcio de ve\u00edculos leves\",\"cons\u00f3rcio de ve\u00edculos leves e pesados\",\"cons\u00f3rcio ve\u00edculos leves\",\"diadoautomovel\",\"ford\",\"ford maverick\",\"opala\",\"pais e filhos\",\"sistema de cons\u00f3rcio\",\"ve\u00edculos leves\",\"venda de cons\u00f3rcio\"],\"articleSection\":[\"Not\u00edcias\"],\"inLanguage\":\"pt-BR\",\"potentialAction\":[{\"@type\":\"CommentAction\",\"name\":\"Comment\",\"target\":[\"https:\/\/www.disalconsorcio.com.br\/blog\/como-colocar-placa-preta-no-seu-veiculo\/#respond\"]}]},{\"@type\":\"WebPage\",\"@id\":\"https:\/\/www.disalconsorcio.com.br\/blog\/como-colocar-placa-preta-no-seu-veiculo\/\",\"url\":\"https:\/\/www.disalconsorcio.com.br\/blog\/como-colocar-placa-preta-no-seu-veiculo\/\",\"name\":\"Como colocar Placa Preta no seu ve\u00edculo? Mudou com a placa Mercosul?\",\"isPartOf\":{\"@id\":\"https:\/\/www.disalconsorcio.com.br\/blog\/#website\"},\"primaryImageOfPage\":{\"@id\":\"https:\/\/www.disalconsorcio.com.br\/blog\/como-colocar-placa-preta-no-seu-veiculo\/#primaryimage\"},\"image\":{\"@id\":\"https:\/\/www.disalconsorcio.com.br\/blog\/como-colocar-placa-preta-no-seu-veiculo\/#primaryimage\"},\"thumbnailUrl\":\"https:\/\/www.disalconsorcio.com.br\/blog\/wp-content\/uploads\/2022\/05\/placa-preta-sp.jpg\",\"datePublished\":\"2022-07-13T14:28:49+00:00\",\"dateModified\":\"2022-09-23T19:32:13+00:00\",\"description\":\"Amantes do antigomobilismo j\u00e1 devem ter ouvido falar da famosa placa preta, que identifica carros antigos. Mas o que \u00e9 essa placa preta?\",\"breadcrumb\":{\"@id\":\"https:\/\/www.disalconsorcio.com.br\/blog\/como-colocar-placa-preta-no-seu-veiculo\/#breadcrumb\"},\"inLanguage\":\"pt-BR\",\"potentialAction\":[{\"@type\":\"ReadAction\",\"target\":[\"https:\/\/www.disalconsorcio.com.br\/blog\/como-colocar-placa-preta-no-seu-veiculo\/\"]}]},{\"@type\":\"ImageObject\",\"inLanguage\":\"pt-BR\",\"@id\":\"https:\/\/www.disalconsorcio.com.br\/blog\/como-colocar-placa-preta-no-seu-veiculo\/#primaryimage\",\"url\":\"https:\/\/www.disalconsorcio.com.br\/blog\/wp-content\/uploads\/2022\/05\/placa-preta-sp.jpg\",\"contentUrl\":\"https:\/\/www.disalconsorcio.com.br\/blog\/wp-content\/uploads\/2022\/05\/placa-preta-sp.jpg\",\"width\":1000,\"height\":560,\"caption\":\"Imagem: Divulga\u00e7\u00e3o | Placa Preta\"},{\"@type\":\"BreadcrumbList\",\"@id\":\"https:\/\/www.disalconsorcio.com.br\/blog\/como-colocar-placa-preta-no-seu-veiculo\/#breadcrumb\",\"itemListElement\":[{\"@type\":\"ListItem\",\"position\":1,\"name\":\"In\u00edcio\",\"item\":\"https:\/\/www.disalconsorcio.com.br\/blog\/\"},{\"@type\":\"ListItem\",\"position\":2,\"name\":\"Como colocar Placa Preta? O que mudou com a placa Mercosul?\"}]},{\"@type\":\"WebSite\",\"@id\":\"https:\/\/www.disalconsorcio.com.br\/blog\/#website\",\"url\":\"https:\/\/www.disalconsorcio.com.br\/blog\/\",\"name\":\"Blog Disal Cons\u00f3rcio\",\"description\":\"D\u00favidas e novidades\",\"publisher\":{\"@id\":\"https:\/\/www.disalconsorcio.com.br\/blog\/#organization\"},\"potentialAction\":[{\"@type\":\"SearchAction\",\"target\":{\"@type\":\"EntryPoint\",\"urlTemplate\":\"https:\/\/www.disalconsorcio.com.br\/blog\/?s={search_term_string}\"},\"query-input\":\"required name=search_term_string\"}],\"inLanguage\":\"pt-BR\"},{\"@type\":\"Organization\",\"@id\":\"https:\/\/www.disalconsorcio.com.br\/blog\/#organization\",\"name\":\"Blog Disal Cons\u00f3rcio\",\"url\":\"https:\/\/www.disalconsorcio.com.br\/blog\/\",\"logo\":{\"@type\":\"ImageObject\",\"inLanguage\":\"pt-BR\",\"@id\":\"https:\/\/www.disalconsorcio.com.br\/blog\/#\/schema\/logo\/image\/\",\"url\":\"https:\/\/www.disalconsorcio.com.br\/blog\/wp-content\/uploads\/2023\/02\/logo-D-02-GG.png\",\"contentUrl\":\"https:\/\/www.disalconsorcio.com.br\/blog\/wp-content\/uploads\/2023\/02\/logo-D-02-GG.png\",\"width\":1200,\"height\":1060,\"caption\":\"Blog Disal Cons\u00f3rcio\"},\"image\":{\"@id\":\"https:\/\/www.disalconsorcio.com.br\/blog\/#\/schema\/logo\/image\/\"},\"sameAs\":[\"http:\/\/facebook.com\/DisalConsorcioOficial\",\"http:\/\/instagram.com\/disalconsorciooficial\",\"https:\/\/www.linkedin.com\/company\/disal-administradora-de-consrcios\",\"https:\/\/www.youtube.com\/DisalOficial\"]},{\"@type\":\"Person\",\"@id\":\"https:\/\/www.disalconsorcio.com.br\/blog\/#\/schema\/person\/8c47fdecda258f66a16a9c13c0d5e0e6\",\"name\":\"Angela Cavalcanti\"}]}<\/script>\r\n<!-- \/ Yoast SEO plugin. -->","yoast_head_json":{"title":"Como colocar Placa Preta no seu ve\u00edculo? Mudou com a placa Mercosul?","description":"Amantes do antigomobilismo j\u00e1 devem ter ouvido falar da famosa placa preta, que identifica carros antigos. Mas o que \u00e9 essa placa preta?","robots":{"index":"index","follow":"follow","max-snippet":"max-snippet:-1","max-image-preview":"max-image-preview:large","max-video-preview":"max-video-preview:-1"},"canonical":"https:\/\/www.disalconsorcio.com.br\/blog\/como-colocar-placa-preta-no-seu-veiculo\/","og_locale":"pt_BR","og_type":"article","og_title":"Como colocar Placa Preta no seu ve\u00edculo? Mudou com a placa Mercosul?","og_description":"Amantes do antigomobilismo j\u00e1 devem ter ouvido falar da famosa placa preta, que identifica carros antigos. Mas o que \u00e9 essa placa preta?","og_url":"https:\/\/www.disalconsorcio.com.br\/blog\/como-colocar-placa-preta-no-seu-veiculo\/","og_site_name":"Blog Disal Cons\u00f3rcio","article_publisher":"http:\/\/facebook.com\/DisalConsorcioOficial","article_published_time":"2022-07-13T14:28:49+00:00","article_modified_time":"2022-09-23T19:32:13+00:00","og_image":[{"width":1000,"height":560,"url":"https:\/\/www.disalconsorcio.com.br\/blog\/wp-content\/uploads\/2022\/05\/placa-preta-sp.jpg","type":"image\/jpeg"}],"author":"Angela Cavalcanti","twitter_card":"summary_large_image","twitter_misc":{"Escrito por":"Angela Cavalcanti","Est. tempo de leitura":"5 minutos"},"schema":{"@context":"https:\/\/schema.org","@graph":[{"@type":"Article","@id":"https:\/\/www.disalconsorcio.com.br\/blog\/como-colocar-placa-preta-no-seu-veiculo\/#article","isPartOf":{"@id":"https:\/\/www.disalconsorcio.com.br\/blog\/como-colocar-placa-preta-no-seu-veiculo\/"},"author":{"name":"Angela Cavalcanti","@id":"https:\/\/www.disalconsorcio.com.br\/blog\/#\/schema\/person\/8c47fdecda258f66a16a9c13c0d5e0e6"},"headline":"Como colocar Placa Preta? O que mudou com a placa Mercosul?","datePublished":"2022-07-13T14:28:49+00:00","dateModified":"2022-09-23T19:32:13+00:00","mainEntityOfPage":{"@id":"https:\/\/www.disalconsorcio.com.br\/blog\/como-colocar-placa-preta-no-seu-veiculo\/"},"wordCount":963,"commentCount":0,"publisher":{"@id":"https:\/\/www.disalconsorcio.com.br\/blog\/#organization"},"image":{"@id":"https:\/\/www.disalconsorcio.com.br\/blog\/como-colocar-placa-preta-no-seu-veiculo\/#primaryimage"},"thumbnailUrl":"https:\/\/www.disalconsorcio.com.br\/blog\/wp-content\/uploads\/2022\/05\/placa-preta-sp.jpg","keywords":["chevrolet","consorcio","cons\u00f3rcio de ve\u00edculos leves","cons\u00f3rcio de ve\u00edculos leves e pesados","cons\u00f3rcio ve\u00edculos leves","diadoautomovel","ford","ford maverick","opala","pais e filhos","sistema de cons\u00f3rcio","ve\u00edculos leves","venda de cons\u00f3rcio"],"articleSection":["Not\u00edcias"],"inLanguage":"pt-BR","potentialAction":[{"@type":"CommentAction","name":"Comment","target":["https:\/\/www.disalconsorcio.com.br\/blog\/como-colocar-placa-preta-no-seu-veiculo\/#respond"]}]},{"@type":"WebPage","@id":"https:\/\/www.disalconsorcio.com.br\/blog\/como-colocar-placa-preta-no-seu-veiculo\/","url":"https:\/\/www.disalconsorcio.com.br\/blog\/como-colocar-placa-preta-no-seu-veiculo\/","name":"Como colocar Placa Preta no seu ve\u00edculo? Mudou com a placa Mercosul?","isPartOf":{"@id":"https:\/\/www.disalconsorcio.com.br\/blog\/#website"},"primaryImageOfPage":{"@id":"https:\/\/www.disalconsorcio.com.br\/blog\/como-colocar-placa-preta-no-seu-veiculo\/#primaryimage"},"image":{"@id":"https:\/\/www.disalconsorcio.com.br\/blog\/como-colocar-placa-preta-no-seu-veiculo\/#primaryimage"},"thumbnailUrl":"https:\/\/www.disalconsorcio.com.br\/blog\/wp-content\/uploads\/2022\/05\/placa-preta-sp.jpg","datePublished":"2022-07-13T14:28:49+00:00","dateModified":"2022-09-23T19:32:13+00:00","description":"Amantes do antigomobilismo j\u00e1 devem ter ouvido falar da famosa placa preta, que identifica carros antigos. Mas o que \u00e9 essa placa preta?","breadcrumb":{"@id":"https:\/\/www.disalconsorcio.com.br\/blog\/como-colocar-placa-preta-no-seu-veiculo\/#breadcrumb"},"inLanguage":"pt-BR","potentialAction":[{"@type":"ReadAction","target":["https:\/\/www.disalconsorcio.com.br\/blog\/como-colocar-placa-preta-no-seu-veiculo\/"]}]},{"@type":"ImageObject","inLanguage":"pt-BR","@id":"https:\/\/www.disalconsorcio.com.br\/blog\/como-colocar-placa-preta-no-seu-veiculo\/#primaryimage","url":"https:\/\/www.disalconsorcio.com.br\/blog\/wp-content\/uploads\/2022\/05\/placa-preta-sp.jpg","contentUrl":"https:\/\/www.disalconsorcio.com.br\/blog\/wp-content\/uploads\/2022\/05\/placa-preta-sp.jpg","width":1000,"height":560,"caption":"Imagem: Divulga\u00e7\u00e3o | Placa Preta"},{"@type":"BreadcrumbList","@id":"https:\/\/www.disalconsorcio.com.br\/blog\/como-colocar-placa-preta-no-seu-veiculo\/#breadcrumb","itemListElement":[{"@type":"ListItem","position":1,"name":"In\u00edcio","item":"https:\/\/www.disalconsorcio.com.br\/blog\/"},{"@type":"ListItem","position":2,"name":"Como colocar Placa Preta? O que mudou com a placa Mercosul?"}]},{"@type":"WebSite","@id":"https:\/\/www.disalconsorcio.com.br\/blog\/#website","url":"https:\/\/www.disalconsorcio.com.br\/blog\/","name":"Blog Disal Cons\u00f3rcio","description":"D\u00favidas e novidades","publisher":{"@id":"https:\/\/www.disalconsorcio.com.br\/blog\/#organization"},"potentialAction":[{"@type":"SearchAction","target":{"@type":"EntryPoint","urlTemplate":"https:\/\/www.disalconsorcio.com.br\/blog\/?s={search_term_string}"},"query-input":"required name=search_term_string"}],"inLanguage":"pt-BR"},{"@type":"Organization","@id":"https:\/\/www.disalconsorcio.com.br\/blog\/#organization","name":"Blog Disal Cons\u00f3rcio","url":"https:\/\/www.disalconsorcio.com.br\/blog\/","logo":{"@type":"ImageObject","inLanguage":"pt-BR","@id":"https:\/\/www.disalconsorcio.com.br\/blog\/#\/schema\/logo\/image\/","url":"https:\/\/www.disalconsorcio.com.br\/blog\/wp-content\/uploads\/2023\/02\/logo-D-02-GG.png","contentUrl":"https:\/\/www.disalconsorcio.com.br\/blog\/wp-content\/uploads\/2023\/02\/logo-D-02-GG.png","width":1200,"height":1060,"caption":"Blog Disal Cons\u00f3rcio"},"image":{"@id":"https:\/\/www.disalconsorcio.com.br\/blog\/#\/schema\/logo\/image\/"},"sameAs":["http:\/\/facebook.com\/DisalConsorcioOficial","http:\/\/instagram.com\/disalconsorciooficial","https:\/\/www.linkedin.com\/company\/disal-administradora-de-consrcios","https:\/\/www.youtube.com\/DisalOficial"]},{"@type":"Person","@id":"https:\/\/www.disalconsorcio.com.br\/blog\/#\/schema\/person\/8c47fdecda258f66a16a9c13c0d5e0e6","name":"Angela Cavalcanti"}]}},"_links":{"self":[{"href":"https:\/\/www.disalconsorcio.com.br\/blog\/wp-json\/wp\/v2\/posts\/6710"}],"collection":[{"href":"https:\/\/www.disalconsorcio.com.br\/blog\/wp-json\/wp\/v2\/posts"}],"about":[{"href":"https:\/\/www.disalconsorcio.com.br\/blog\/wp-json\/wp\/v2\/types\/post"}],"author":[{"embeddable":true,"href":"https:\/\/www.disalconsorcio.com.br\/blog\/wp-json\/wp\/v2\/users\/14"}],"replies":[{"embeddable":true,"href":"https:\/\/www.disalconsorcio.com.br\/blog\/wp-json\/wp\/v2\/comments?post=6710"}],"version-history":[{"count":4,"href":"https:\/\/www.disalconsorcio.com.br\/blog\/wp-json\/wp\/v2\/posts\/6710\/revisions"}],"predecessor-version":[{"id":7068,"href":"https:\/\/www.disalconsorcio.com.br\/blog\/wp-json\/wp\/v2\/posts\/6710\/revisions\/7068"}],"wp:featuredmedia":[{"embeddable":true,"href":"https:\/\/www.disalconsorcio.com.br\/blog\/wp-json\/wp\/v2\/media\/6416"}],"wp:attachment":[{"href":"https:\/\/www.disalconsorcio.com.br\/blog\/wp-json\/wp\/v2\/media?parent=6710"}],"wp:term":[{"taxonomy":"category","embeddable":true,"href":"https:\/\/www.disalconsorcio.com.br\/blog\/wp-json\/wp\/v2\/categories?post=6710"},{"taxonomy":"post_tag","embeddable":true,"href":"https:\/\/www.disalconsorcio.com.br\/blog\/wp-json\/wp\/v2\/tags?post=6710"}],"curies":[{"name":"wp","href":"https:\/\/api.w.org\/{rel}","templated":true}]}}