{"id":7083,"date":"2022-09-21T11:55:46","date_gmt":"2022-09-21T11:55:46","guid":{"rendered":"https:\/\/www.disalconsorcio.com.br\/blog\/?p=7083"},"modified":"2023-02-09T18:13:14","modified_gmt":"2023-02-09T18:13:14","slug":"picapes-mais-vendidas-no-1sem-2022","status":"publish","type":"post","link":"https:\/\/www.disalconsorcio.com.br\/blog\/picapes-mais-vendidas-no-1sem-2022\/","title":{"rendered":"Dia do Fazendeiro: As picapes mais vendidas no primeiro semestre de 2022"},"content":{"rendered":"<p>No dia 21 de setembro, \u00e9 celebrado o Dia do Fazendeiro, profissionais que contribuem imensamente para a economia do pa\u00eds. A agropecu\u00e1ria equivale a quase 24% do PIB brasileiro, gerando de 25 a 30 milh\u00f5es de empregos.<\/p>\n<p>Gra\u00e7as ao trabalho dos fazendeiros nos pa\u00eds recebe carinhosamente o apelido de \u201cceleiro do mundo\u201d. Suas produ\u00e7\u00f5es s\u00e3o destinadas ao mercado interno e principalmente \u00e0 exporta\u00e7\u00e3o.<\/p>\n<p>Os fazendeiros brasileiros buscam sempre aprimorar seus neg\u00f3cios com tecnologia e equipamentos, contribuindo para o avan\u00e7o e do pa\u00eds.<\/p>\n<h3>As picapes mais vendidas no primeiro semestre de 2022<\/h3>\n<p>Em comemora\u00e7\u00e3o ao Dia do Fazendeiro confira as 10 picapes mais vendidas no primeiro semestre de 2022. Confira o ranking de suas fi\u00e9is ajudantes:<\/p>\n<p><img loading=\"lazy\" decoding=\"async\" class=\"wp-image-7096\" src=\"https:\/\/www.disalconsorcio.com.br\/blog\/wp-content\/uploads\/2022\/09\/Semana-3-Card-02-Disal-Cons\u00f3rcio-485x485.png\" alt=\"Dia do Fazendeiro\" width=\"1005\" height=\"1005\" srcset=\"https:\/\/www.disalconsorcio.com.br\/blog\/wp-content\/uploads\/2022\/09\/Semana-3-Card-02-Disal-Cons\u00f3rcio-485x485.png 485w, https:\/\/www.disalconsorcio.com.br\/blog\/wp-content\/uploads\/2022\/09\/Semana-3-Card-02-Disal-Cons\u00f3rcio-150x150.png 150w, https:\/\/www.disalconsorcio.com.br\/blog\/wp-content\/uploads\/2022\/09\/Semana-3-Card-02-Disal-Cons\u00f3rcio-768x768.png 768w, https:\/\/www.disalconsorcio.com.br\/blog\/wp-content\/uploads\/2022\/09\/Semana-3-Card-02-Disal-Cons\u00f3rcio-705x705.png 705w, https:\/\/www.disalconsorcio.com.br\/blog\/wp-content\/uploads\/2022\/09\/Semana-3-Card-02-Disal-Cons\u00f3rcio-300x300.png 300w, https:\/\/www.disalconsorcio.com.br\/blog\/wp-content\/uploads\/2022\/09\/Semana-3-Card-02-Disal-Cons\u00f3rcio.png 1080w\" sizes=\"(max-width: 1005px) 100vw, 1005px\" \/><\/p>\n<p>Quando o assunto \u00e9 picape, a Fiat Strada domina o assunto. De janeiro a junho de 2022, o utilit\u00e1rio da Fiat vendeu mais de 51 mil unidades.<\/p>\n<p>Sua irm\u00e3, Toro, tamb\u00e9m destaque. O modelo chegou a quase 26mil emplacamentos.<\/p>\n<p>Veja abaixo as 10 picapes mais comercializadas em 2022:<\/p>\n<h3>10\u00ba \u2013 Volkswagen Amarok: 1.943 unidades<\/h3>\n<figure id=\"attachment_7087\" aria-describedby=\"caption-attachment-7087\" style=\"width: 1005px\" class=\"wp-caption alignnone\"><img loading=\"lazy\" decoding=\"async\" class=\"wp-image-7087\" src=\"https:\/\/www.disalconsorcio.com.br\/blog\/wp-content\/uploads\/2022\/09\/Volkswagen-Amarok-726x485.jpg\" alt=\"Volkswagen Amarok\" width=\"1005\" height=\"671\" srcset=\"https:\/\/www.disalconsorcio.com.br\/blog\/wp-content\/uploads\/2022\/09\/Volkswagen-Amarok-726x485.jpg 726w, https:\/\/www.disalconsorcio.com.br\/blog\/wp-content\/uploads\/2022\/09\/Volkswagen-Amarok-150x100.jpg 150w, https:\/\/www.disalconsorcio.com.br\/blog\/wp-content\/uploads\/2022\/09\/Volkswagen-Amarok-768x513.jpg 768w, https:\/\/www.disalconsorcio.com.br\/blog\/wp-content\/uploads\/2022\/09\/Volkswagen-Amarok-1056x705.jpg 1056w, https:\/\/www.disalconsorcio.com.br\/blog\/wp-content\/uploads\/2022\/09\/Volkswagen-Amarok.jpg 1243w\" sizes=\"(max-width: 1005px) 100vw, 1005px\" \/><figcaption id=\"caption-attachment-7087\" class=\"wp-caption-text\">Imagem: Divulga\u00e7\u00e3o | Volkswagen Amarok<\/figcaption><\/figure>\n<p>&nbsp;<\/p>\n<h3>9\u00ba \u2013 Volkswagen Saveiro: 3.781 unidades<\/h3>\n<figure id=\"attachment_7088\" aria-describedby=\"caption-attachment-7088\" style=\"width: 1005px\" class=\"wp-caption alignnone\"><img loading=\"lazy\" decoding=\"async\" class=\"wp-image-7088\" src=\"https:\/\/www.disalconsorcio.com.br\/blog\/wp-content\/uploads\/2022\/09\/Volkswagen-Saveiro-862x485.jpg\" alt=\"Volkswagen Saveiro\" width=\"1005\" height=\"566\" srcset=\"https:\/\/www.disalconsorcio.com.br\/blog\/wp-content\/uploads\/2022\/09\/Volkswagen-Saveiro-862x485.jpg 862w, https:\/\/www.disalconsorcio.com.br\/blog\/wp-content\/uploads\/2022\/09\/Volkswagen-Saveiro-150x84.jpg 150w, https:\/\/www.disalconsorcio.com.br\/blog\/wp-content\/uploads\/2022\/09\/Volkswagen-Saveiro-768x432.jpg 768w, https:\/\/www.disalconsorcio.com.br\/blog\/wp-content\/uploads\/2022\/09\/Volkswagen-Saveiro.jpg 1068w\" sizes=\"(max-width: 1005px) 100vw, 1005px\" \/><figcaption id=\"caption-attachment-7088\" class=\"wp-caption-text\">Imagem: Divulga\u00e7\u00e3o | Volkswagen Saveiro<\/figcaption><\/figure>\n<p>&nbsp;<\/p>\n<h3>8\u00ba \u2013 Renault Oroch: 3.834 unidades<\/h3>\n<figure id=\"attachment_7085\" aria-describedby=\"caption-attachment-7085\" style=\"width: 1005px\" class=\"wp-caption alignnone\"><img loading=\"lazy\" decoding=\"async\" class=\"wp-image-7085\" src=\"https:\/\/www.disalconsorcio.com.br\/blog\/wp-content\/uploads\/2022\/09\/Renault-Oroch-727x485.jpg\" alt=\"Renault Oroch 2023\" width=\"1005\" height=\"671\" srcset=\"https:\/\/www.disalconsorcio.com.br\/blog\/wp-content\/uploads\/2022\/09\/Renault-Oroch-727x485.jpg 727w, https:\/\/www.disalconsorcio.com.br\/blog\/wp-content\/uploads\/2022\/09\/Renault-Oroch-150x100.jpg 150w, https:\/\/www.disalconsorcio.com.br\/blog\/wp-content\/uploads\/2022\/09\/Renault-Oroch-768x513.jpg 768w, https:\/\/www.disalconsorcio.com.br\/blog\/wp-content\/uploads\/2022\/09\/Renault-Oroch.jpg 800w\" sizes=\"(max-width: 1005px) 100vw, 1005px\" \/><figcaption id=\"caption-attachment-7085\" class=\"wp-caption-text\">Imagem: Divulga\u00e7\u00e3o | Renault Oroch 2023<\/figcaption><\/figure>\n<p>&nbsp;<\/p>\n<h3>7\u00ba \u2013 Nissan Frontier: 3.999 unidades<\/h3>\n<figure id=\"attachment_7093\" aria-describedby=\"caption-attachment-7093\" style=\"width: 1005px\" class=\"wp-caption alignnone\"><img loading=\"lazy\" decoding=\"async\" class=\"wp-image-7093\" src=\"https:\/\/www.disalconsorcio.com.br\/blog\/wp-content\/uploads\/2022\/09\/Nissan-Frontier-728x485.jpg\" alt=\"Nissan Frontier\" width=\"1005\" height=\"670\" srcset=\"https:\/\/www.disalconsorcio.com.br\/blog\/wp-content\/uploads\/2022\/09\/Nissan-Frontier-728x485.jpg 728w, https:\/\/www.disalconsorcio.com.br\/blog\/wp-content\/uploads\/2022\/09\/Nissan-Frontier-150x100.jpg 150w, https:\/\/www.disalconsorcio.com.br\/blog\/wp-content\/uploads\/2022\/09\/Nissan-Frontier-768x512.jpg 768w, https:\/\/www.disalconsorcio.com.br\/blog\/wp-content\/uploads\/2022\/09\/Nissan-Frontier-1058x705.jpg 1058w, https:\/\/www.disalconsorcio.com.br\/blog\/wp-content\/uploads\/2022\/09\/Nissan-Frontier.jpg 1068w\" sizes=\"(max-width: 1005px) 100vw, 1005px\" \/><figcaption id=\"caption-attachment-7093\" class=\"wp-caption-text\">Imagem: Divulga\u00e7\u00e3o | Nissan Frontier<\/figcaption><\/figure>\n<p>&nbsp;<\/p>\n<h3>6\u00ba \u2013 Ford Ranger: 6.671 unidades<\/h3>\n<figure id=\"attachment_7091\" aria-describedby=\"caption-attachment-7091\" style=\"width: 1005px\" class=\"wp-caption alignnone\"><img loading=\"lazy\" decoding=\"async\" class=\"wp-image-7091\" src=\"https:\/\/www.disalconsorcio.com.br\/blog\/wp-content\/uploads\/2022\/09\/Ford-Ranger.jpg\" alt=\"Ford Ranger\" width=\"1005\" height=\"579\" srcset=\"https:\/\/www.disalconsorcio.com.br\/blog\/wp-content\/uploads\/2022\/09\/Ford-Ranger.jpg 750w, https:\/\/www.disalconsorcio.com.br\/blog\/wp-content\/uploads\/2022\/09\/Ford-Ranger-150x86.jpg 150w\" sizes=\"(max-width: 1005px) 100vw, 1005px\" \/><figcaption id=\"caption-attachment-7091\" class=\"wp-caption-text\">Imagem: Divulga\u00e7\u00e3o | Ford Ranger<\/figcaption><\/figure>\n<p>&nbsp;<\/p>\n<h3>5\u00ba \u2013 Mitsubishi L200: 7.242 unidades<\/h3>\n<figure id=\"attachment_7092\" aria-describedby=\"caption-attachment-7092\" style=\"width: 1005px\" class=\"wp-caption alignnone\"><img loading=\"lazy\" decoding=\"async\" class=\"wp-image-7092\" src=\"https:\/\/www.disalconsorcio.com.br\/blog\/wp-content\/uploads\/2022\/09\/Mitsubishi-L200.jpg\" alt=\"Mitsubishi L200\" width=\"1005\" height=\"668\" srcset=\"https:\/\/www.disalconsorcio.com.br\/blog\/wp-content\/uploads\/2022\/09\/Mitsubishi-L200.jpg 600w, https:\/\/www.disalconsorcio.com.br\/blog\/wp-content\/uploads\/2022\/09\/Mitsubishi-L200-150x100.jpg 150w\" sizes=\"(max-width: 1005px) 100vw, 1005px\" \/><figcaption id=\"caption-attachment-7092\" class=\"wp-caption-text\">Imagem: Divulga\u00e7\u00e3o | Mitsubishi L200<\/figcaption><\/figure>\n<p>&nbsp;<\/p>\n<h3>4\u00ba \u2013 Chevrolet S10: 13.976 unidades<\/h3>\n<figure id=\"attachment_7089\" aria-describedby=\"caption-attachment-7089\" style=\"width: 1005px\" class=\"wp-caption alignnone\"><img loading=\"lazy\" decoding=\"async\" class=\"wp-image-7089\" src=\"https:\/\/www.disalconsorcio.com.br\/blog\/wp-content\/uploads\/2022\/09\/Chevrolet-S10-862x485.jpg\" alt=\"Chevrolet S10\" width=\"1005\" height=\"565\" srcset=\"https:\/\/www.disalconsorcio.com.br\/blog\/wp-content\/uploads\/2022\/09\/Chevrolet-S10-862x485.jpg 862w, https:\/\/www.disalconsorcio.com.br\/blog\/wp-content\/uploads\/2022\/09\/Chevrolet-S10-150x84.jpg 150w, https:\/\/www.disalconsorcio.com.br\/blog\/wp-content\/uploads\/2022\/09\/Chevrolet-S10-768x432.jpg 768w, https:\/\/www.disalconsorcio.com.br\/blog\/wp-content\/uploads\/2022\/09\/Chevrolet-S10.jpg 1024w\" sizes=\"(max-width: 1005px) 100vw, 1005px\" \/><figcaption id=\"caption-attachment-7089\" class=\"wp-caption-text\">Imagem: Divulga\u00e7\u00e3o | Chevrolet S10<\/figcaption><\/figure>\n<p>&nbsp;<\/p>\n<h3>3\u00ba \u2013 Toyota Hilux: 21.546 unidades<\/h3>\n<figure id=\"attachment_7086\" aria-describedby=\"caption-attachment-7086\" style=\"width: 1005px\" class=\"wp-caption alignnone\"><img loading=\"lazy\" decoding=\"async\" class=\"wp-image-7086\" src=\"https:\/\/www.disalconsorcio.com.br\/blog\/wp-content\/uploads\/2022\/09\/Toyota-Hilux-728x485.jpg\" alt=\"Toyota Hilux\" width=\"1005\" height=\"670\" srcset=\"https:\/\/www.disalconsorcio.com.br\/blog\/wp-content\/uploads\/2022\/09\/Toyota-Hilux-728x485.jpg 728w, https:\/\/www.disalconsorcio.com.br\/blog\/wp-content\/uploads\/2022\/09\/Toyota-Hilux-150x100.jpg 150w, https:\/\/www.disalconsorcio.com.br\/blog\/wp-content\/uploads\/2022\/09\/Toyota-Hilux-768x512.jpg 768w, https:\/\/www.disalconsorcio.com.br\/blog\/wp-content\/uploads\/2022\/09\/Toyota-Hilux-1058x705.jpg 1058w, https:\/\/www.disalconsorcio.com.br\/blog\/wp-content\/uploads\/2022\/09\/Toyota-Hilux.jpg 1200w\" sizes=\"(max-width: 1005px) 100vw, 1005px\" \/><figcaption id=\"caption-attachment-7086\" class=\"wp-caption-text\">Imagem: Divulga\u00e7\u00e3o | Toyota Hilux<\/figcaption><\/figure>\n<p>&nbsp;<\/p>\n<h3>2\u00ba \u2013 Fiat Toro: 25.863 unidades<\/h3>\n<figure id=\"attachment_7090\" aria-describedby=\"caption-attachment-7090\" style=\"width: 1005px\" class=\"wp-caption alignnone\"><img loading=\"lazy\" decoding=\"async\" class=\"wp-image-7090\" src=\"https:\/\/www.disalconsorcio.com.br\/blog\/wp-content\/uploads\/2022\/09\/Fiat-Toro-Volcano-728x485.jpg\" alt=\"Fiat Toro Volcano\" width=\"1005\" height=\"670\" srcset=\"https:\/\/www.disalconsorcio.com.br\/blog\/wp-content\/uploads\/2022\/09\/Fiat-Toro-Volcano-728x485.jpg 728w, https:\/\/www.disalconsorcio.com.br\/blog\/wp-content\/uploads\/2022\/09\/Fiat-Toro-Volcano-150x100.jpg 150w, https:\/\/www.disalconsorcio.com.br\/blog\/wp-content\/uploads\/2022\/09\/Fiat-Toro-Volcano-768x512.jpg 768w, https:\/\/www.disalconsorcio.com.br\/blog\/wp-content\/uploads\/2022\/09\/Fiat-Toro-Volcano.jpg 800w\" sizes=\"(max-width: 1005px) 100vw, 1005px\" \/><figcaption id=\"caption-attachment-7090\" class=\"wp-caption-text\">Imagem: Divulga\u00e7\u00e3o | Fiat Toro Volcano<\/figcaption><\/figure>\n<p>&nbsp;<\/p>\n<h3>1\u00ba \u2013 Fiat Strada: 51.046 unidades<\/h3>\n<figure id=\"attachment_6806\" aria-describedby=\"caption-attachment-6806\" style=\"width: 1005px\" class=\"wp-caption alignnone\"><img loading=\"lazy\" decoding=\"async\" class=\"wp-image-6806\" src=\"https:\/\/www.disalconsorcio.com.br\/blog\/wp-content\/uploads\/2022\/08\/Strada-2023-Volcano-02-759x485.jpg\" alt=\"Strada 2023 Volcano\" width=\"1005\" height=\"642\" srcset=\"https:\/\/www.disalconsorcio.com.br\/blog\/wp-content\/uploads\/2022\/08\/Strada-2023-Volcano-02-759x485.jpg 759w, https:\/\/www.disalconsorcio.com.br\/blog\/wp-content\/uploads\/2022\/08\/Strada-2023-Volcano-02-150x96.jpg 150w, https:\/\/www.disalconsorcio.com.br\/blog\/wp-content\/uploads\/2022\/08\/Strada-2023-Volcano-02-768x491.jpg 768w, https:\/\/www.disalconsorcio.com.br\/blog\/wp-content\/uploads\/2022\/08\/Strada-2023-Volcano-02.jpg 790w\" sizes=\"(max-width: 1005px) 100vw, 1005px\" \/><figcaption id=\"caption-attachment-6806\" class=\"wp-caption-text\">Imagem: Divulga\u00e7\u00e3o | Strada 2023 Volcano<\/figcaption><\/figure>\n<p>&nbsp;<\/p>\n<p>Confira a lista completa:<\/p>\n<p>1\u00ba \u2013 <strong>Fiat Strada<\/strong>: 51.046 unidades<br \/>\n2\u00ba \u2013 <strong>Fiat Toro<\/strong>: 25.863 unidades<br \/>\n3\u00ba \u2013 <strong>Toyota Hilux<\/strong>: 21.546 unidades<br \/>\n4\u00ba \u2013 <strong>Chevrolet S10<\/strong>: 13.976 unidades<br \/>\n5\u00ba \u2013 <strong>Mitsubishi L200<\/strong>: 7.242 unidades<br \/>\n6\u00ba \u2013 <strong>Ford Ranger<\/strong>: 6.671 unidades<br \/>\n7\u00ba \u2013 <strong>Nissan Frontier<\/strong>: 3.999 unidades<br \/>\n8\u00ba \u2013 <strong>Renault Oroch<\/strong>: 3.834 unidades<br \/>\n9\u00ba \u2013 <strong>Volkswagen Saveiro<\/strong>: 3.781 unidades<br \/>\n10\u00ba \u2013 <strong>Volkswagen Amarok<\/strong>: 1.943 unidades<\/p>\n<p>O Grupo Disal, deseja um feliz Dia do Fazendeiro a todos os trabalhadores que empregam grande parte de nosso pa\u00eds e esperamos continuar trabalhando juntos para o progresso da agropecu\u00e1ria.<\/p>\n<p><a href=\"https:\/\/linktr.ee\/appdisal?utm_source=blog_disal&amp;utm_medium=site&amp;utm_campaign=lan%C3%A7amento_app_disal_2022_blog&amp;guid_campaign=d37cd5a8-b8ff-4f91-9c10-edfb3d794416&amp;utm_term=lan%C3%A7amento_app_disal_2022_blog\"><img loading=\"lazy\" decoding=\"async\" class=\"alignnone wp-image-6684\" src=\"https:\/\/www.disalconsorcio.com.br\/blog\/wp-content\/uploads\/2022\/06\/Banner-Blog-Lan%C3%A7amento-App-1005-x-200-px-Disal-Cons%C3%B3rcio-970x193.png\" alt=\"App Disal+ Clientes\" width=\"1005\" height=\"200\"><\/a><\/p>\n<h3><strong>A Disal vai te ajudar na conquista da sua!<\/strong><\/h3>\n<p>Com mais de tr\u00eas d\u00e9cadas de atua\u00e7\u00e3o, a&nbsp;<a href=\"https:\/\/www.disalconsorcio.com.br\/\">Disal Cons\u00f3rcio<\/a>&nbsp;j\u00e1 vendeu mais de 1 milh\u00e3o de cotas e est\u00e1 presente em todo o Brasil, por meio de uma Rede Autorizada formada por mais de 450 pontos de vendas.<\/p>\n<p>Na&nbsp;<a href=\"https:\/\/www.disalconsorcio.com.br\/\">Disal<\/a>&nbsp;voc\u00ea podera adiquirir sua cota de cons\u00f3rcio para conquistar&nbsp;sua picape com praticidade e seguran\u00e7a. Voc\u00ea fica mais pr\u00f3ximo da sua conquista.<\/p>\n<p>Para adquirir sua cota de&nbsp;<a href=\"https:\/\/www.disalconsorcio.com.br\/etapa-1?utm_source=Blog&amp;utm_medium=organico&amp;utm_campaign=blog-organico-conteudo-simula%C3%A7%C3%A3o&amp;guid_campaign=42529de3-8d0c-42cc-ba60-1562457fa993&amp;utm_term=Blog\">cons\u00f3rcio Disal<\/a>, basta fazer a sua simula\u00e7\u00e3o&nbsp;<a href=\"https:\/\/www.disalconsorcio.com.br\/etapa-1?utm_source=Blog&amp;utm_medium=organico&amp;utm_campaign=blog-organico-conteudo-simula%C3%A7%C3%A3o&amp;guid_campaign=42529de3-8d0c-42cc-ba60-1562457fa993&amp;utm_term=Blog\">clicando aqui<\/a>.<\/p>\n<p>Ap\u00f3s isso, um dos nossos representantes ir\u00e1 entrar em contato com voc\u00ea para poder dar sequ\u00eancia no seu atendimento.<\/p>\n<p>Voc\u00ea escolhe o valor da carta de cr\u00e9dito para a compra da sua picape.<\/p>\n<p>N\u00e3o perca mais tempo e&nbsp;<a href=\"https:\/\/www.disalconsorcio.com.br\/etapa-1?utm_source=Blog&amp;utm_medium=organico&amp;utm_campaign=blog-organico-conteudo-simula%C3%A7%C3%A3o&amp;guid_campaign=42529de3-8d0c-42cc-ba60-1562457fa993&amp;utm_term=Blog\">comece a planejar sua conquista<\/a>!<\/p>\n<p><a href=\"https:\/\/www.disalconsorcio.com.br\/etapa-1?utm_source=Blog&amp;utm_medium=organico&amp;utm_campaign=blog-organico-conteudo-simula%C3%A7%C3%A3o&amp;guid_campaign=42529de3-8d0c-42cc-ba60-1562457fa993&amp;utm_term=Blog\"><img loading=\"lazy\" decoding=\"async\" class=\"alignnone wp-image-6300\" src=\"https:\/\/www.disalconsorcio.com.br\/blog\/wp-content\/uploads\/2022\/04\/Banner-Blog-1005-x-200-px-Disal-Cons%C3%B3rcio-970x193.png\" sizes=\"(max-width: 1005px) 100vw, 1005px\" srcset=\"https:\/\/www.disalconsorcio.com.br\/blog\/wp-content\/uploads\/2022\/04\/Banner-Blog-1005-x-200-px-Disal-Cons\u00f3rcio-970x193.png 970w, https:\/\/www.disalconsorcio.com.br\/blog\/wp-content\/uploads\/2022\/04\/Banner-Blog-1005-x-200-px-Disal-Cons\u00f3rcio-150x30.png 150w, https:\/\/www.disalconsorcio.com.br\/blog\/wp-content\/uploads\/2022\/04\/Banner-Blog-1005-x-200-px-Disal-Cons\u00f3rcio-768x153.png 768w, https:\/\/www.disalconsorcio.com.br\/blog\/wp-content\/uploads\/2022\/04\/Banner-Blog-1005-x-200-px-Disal-Cons\u00f3rcio.png 1005w\" alt=\"simule_agora_2022\" width=\"1005\" height=\"200\"><\/a><\/p>\n","protected":false},"excerpt":{"rendered":"<p>No dia 21 de setembro, \u00e9 celebrado o Dia do Fazendeiro, profissionais que contribuem imensamente para a economia do pa\u00eds. A agropecu\u00e1ria equivale a quase 24% do PIB brasileiro, gerando de 25 a 30 milh\u00f5es de empregos. Gra\u00e7as ao trabalho dos fazendeiros nos pa\u00eds recebe carinhosamente o apelido de \u201cceleiro do mundo\u201d. Suas produ\u00e7\u00f5es s\u00e3o <span class=\"readMore\" style=\"color:#00acc3;\">[&#8230;]<\/span><\/p>\n","protected":false},"author":14,"featured_media":7096,"comment_status":"open","ping_status":"open","sticky":false,"template":"","format":"standard","meta":{"_acf_changed":false,"footnotes":""},"categories":[785,786,787,496,838,793,792],"tags":[15,146,171,233,593,425,627,107,172,408],"acf":[],"yoast_head":"<!-- This site is optimized with the Yoast SEO plugin v22.8 - https:\/\/yoast.com\/wordpress\/plugins\/seo\/ -->\r\n<title>Dia do Fazendeiro: As picapes mais vendidas no primeiro semestre<\/title>\r\n<meta name=\"description\" content=\"Voc\u00ea sabia que no dia 21 de setembro, \u00e9 celebrado o Dia do Fazendeiro? Em comemora\u00e7\u00e3o confira as picapes mais vendidas no primeiro semestre de 2022!\" \/>\r\n<meta name=\"robots\" content=\"index, follow, max-snippet:-1, max-image-preview:large, max-video-preview:-1\" \/>\r\n<link rel=\"canonical\" href=\"https:\/\/www.disalconsorcio.com.br\/blog\/picapes-mais-vendidas-no-1sem-2022\/\" \/>\r\n<meta property=\"og:locale\" content=\"pt_BR\" \/>\r\n<meta property=\"og:type\" content=\"article\" \/>\r\n<meta property=\"og:title\" content=\"Dia do Fazendeiro: As picapes mais vendidas no primeiro semestre\" \/>\r\n<meta property=\"og:description\" content=\"Voc\u00ea sabia que no dia 21 de setembro, \u00e9 celebrado o Dia do Fazendeiro? Em comemora\u00e7\u00e3o confira as picapes mais vendidas no primeiro semestre de 2022!\" \/>\r\n<meta property=\"og:url\" content=\"https:\/\/www.disalconsorcio.com.br\/blog\/picapes-mais-vendidas-no-1sem-2022\/\" \/>\r\n<meta property=\"og:site_name\" content=\"Blog Disal Cons\u00f3rcio\" \/>\r\n<meta property=\"article:publisher\" content=\"http:\/\/facebook.com\/DisalConsorcioOficial\" \/>\r\n<meta property=\"article:published_time\" content=\"2022-09-21T11:55:46+00:00\" \/>\r\n<meta property=\"article:modified_time\" content=\"2023-02-09T18:13:14+00:00\" \/>\r\n<meta property=\"og:image\" content=\"https:\/\/www.disalconsorcio.com.br\/blog\/wp-content\/uploads\/2022\/09\/Semana-3-Card-02-Disal-Cons\u00f3rcio.png\" \/>\r\n\t<meta property=\"og:image:width\" content=\"1080\" \/>\r\n\t<meta property=\"og:image:height\" content=\"1080\" \/>\r\n\t<meta property=\"og:image:type\" content=\"image\/png\" \/>\r\n<meta name=\"author\" content=\"Angela Cavalcanti\" \/>\r\n<meta name=\"twitter:card\" content=\"summary_large_image\" \/>\r\n<meta name=\"twitter:label1\" content=\"Escrito por\" \/>\n\t<meta name=\"twitter:data1\" content=\"Angela Cavalcanti\" \/>\n\t<meta name=\"twitter:label2\" content=\"Est. tempo de leitura\" \/>\n\t<meta name=\"twitter:data2\" content=\"6 minutos\" \/>\r\n<script type=\"application\/ld+json\" class=\"yoast-schema-graph\">{\"@context\":\"https:\/\/schema.org\",\"@graph\":[{\"@type\":\"Article\",\"@id\":\"https:\/\/www.disalconsorcio.com.br\/blog\/picapes-mais-vendidas-no-1sem-2022\/#article\",\"isPartOf\":{\"@id\":\"https:\/\/www.disalconsorcio.com.br\/blog\/picapes-mais-vendidas-no-1sem-2022\/\"},\"author\":{\"name\":\"Angela Cavalcanti\",\"@id\":\"https:\/\/www.disalconsorcio.com.br\/blog\/#\/schema\/person\/8c47fdecda258f66a16a9c13c0d5e0e6\"},\"headline\":\"Dia do Fazendeiro: As picapes mais vendidas no primeiro semestre de 2022\",\"datePublished\":\"2022-09-21T11:55:46+00:00\",\"dateModified\":\"2023-02-09T18:13:14+00:00\",\"mainEntityOfPage\":{\"@id\":\"https:\/\/www.disalconsorcio.com.br\/blog\/picapes-mais-vendidas-no-1sem-2022\/\"},\"wordCount\":551,\"commentCount\":0,\"publisher\":{\"@id\":\"https:\/\/www.disalconsorcio.com.br\/blog\/#organization\"},\"image\":{\"@id\":\"https:\/\/www.disalconsorcio.com.br\/blog\/picapes-mais-vendidas-no-1sem-2022\/#primaryimage\"},\"thumbnailUrl\":\"https:\/\/www.disalconsorcio.com.br\/blog\/wp-content\/uploads\/2022\/09\/Semana-3-Card-02-Disal-Cons\u00f3rcio.png\",\"keywords\":[\"consorcio\",\"cons\u00f3rcio de ve\u00edculos leves\",\"cons\u00f3rcio de ve\u00edculos leves e pesados\",\"cons\u00f3rcio ve\u00edculos leves\",\"cuidados\",\"cuidados com o ve\u00edculo\",\"sistema de cons\u00f3rcio\",\"ve\u00edculos leves\",\"ve\u00edculos pesados\",\"venda de cons\u00f3rcio\"],\"articleSection\":[\"Chevrolet\",\"Fiat\",\"Ford\",\"Mercado\",\"Nissan\",\"Outras marcas\",\"Volkswagen\"],\"inLanguage\":\"pt-BR\",\"potentialAction\":[{\"@type\":\"CommentAction\",\"name\":\"Comment\",\"target\":[\"https:\/\/www.disalconsorcio.com.br\/blog\/picapes-mais-vendidas-no-1sem-2022\/#respond\"]}]},{\"@type\":\"WebPage\",\"@id\":\"https:\/\/www.disalconsorcio.com.br\/blog\/picapes-mais-vendidas-no-1sem-2022\/\",\"url\":\"https:\/\/www.disalconsorcio.com.br\/blog\/picapes-mais-vendidas-no-1sem-2022\/\",\"name\":\"Dia do Fazendeiro: As picapes mais vendidas no primeiro semestre\",\"isPartOf\":{\"@id\":\"https:\/\/www.disalconsorcio.com.br\/blog\/#website\"},\"primaryImageOfPage\":{\"@id\":\"https:\/\/www.disalconsorcio.com.br\/blog\/picapes-mais-vendidas-no-1sem-2022\/#primaryimage\"},\"image\":{\"@id\":\"https:\/\/www.disalconsorcio.com.br\/blog\/picapes-mais-vendidas-no-1sem-2022\/#primaryimage\"},\"thumbnailUrl\":\"https:\/\/www.disalconsorcio.com.br\/blog\/wp-content\/uploads\/2022\/09\/Semana-3-Card-02-Disal-Cons\u00f3rcio.png\",\"datePublished\":\"2022-09-21T11:55:46+00:00\",\"dateModified\":\"2023-02-09T18:13:14+00:00\",\"description\":\"Voc\u00ea sabia que no dia 21 de setembro, \u00e9 celebrado o Dia do Fazendeiro? Em comemora\u00e7\u00e3o confira as picapes mais vendidas no primeiro semestre de 2022!\",\"breadcrumb\":{\"@id\":\"https:\/\/www.disalconsorcio.com.br\/blog\/picapes-mais-vendidas-no-1sem-2022\/#breadcrumb\"},\"inLanguage\":\"pt-BR\",\"potentialAction\":[{\"@type\":\"ReadAction\",\"target\":[\"https:\/\/www.disalconsorcio.com.br\/blog\/picapes-mais-vendidas-no-1sem-2022\/\"]}]},{\"@type\":\"ImageObject\",\"inLanguage\":\"pt-BR\",\"@id\":\"https:\/\/www.disalconsorcio.com.br\/blog\/picapes-mais-vendidas-no-1sem-2022\/#primaryimage\",\"url\":\"https:\/\/www.disalconsorcio.com.br\/blog\/wp-content\/uploads\/2022\/09\/Semana-3-Card-02-Disal-Cons\u00f3rcio.png\",\"contentUrl\":\"https:\/\/www.disalconsorcio.com.br\/blog\/wp-content\/uploads\/2022\/09\/Semana-3-Card-02-Disal-Cons\u00f3rcio.png\",\"width\":1080,\"height\":1080,\"caption\":\"Dia do Fazendeiro | Picapes | Toyota Hilux\"},{\"@type\":\"BreadcrumbList\",\"@id\":\"https:\/\/www.disalconsorcio.com.br\/blog\/picapes-mais-vendidas-no-1sem-2022\/#breadcrumb\",\"itemListElement\":[{\"@type\":\"ListItem\",\"position\":1,\"name\":\"In\u00edcio\",\"item\":\"https:\/\/www.disalconsorcio.com.br\/blog\/\"},{\"@type\":\"ListItem\",\"position\":2,\"name\":\"Dia do Fazendeiro: As picapes mais vendidas no primeiro semestre de 2022\"}]},{\"@type\":\"WebSite\",\"@id\":\"https:\/\/www.disalconsorcio.com.br\/blog\/#website\",\"url\":\"https:\/\/www.disalconsorcio.com.br\/blog\/\",\"name\":\"Blog Disal Cons\u00f3rcio\",\"description\":\"D\u00favidas e novidades\",\"publisher\":{\"@id\":\"https:\/\/www.disalconsorcio.com.br\/blog\/#organization\"},\"potentialAction\":[{\"@type\":\"SearchAction\",\"target\":{\"@type\":\"EntryPoint\",\"urlTemplate\":\"https:\/\/www.disalconsorcio.com.br\/blog\/?s={search_term_string}\"},\"query-input\":\"required name=search_term_string\"}],\"inLanguage\":\"pt-BR\"},{\"@type\":\"Organization\",\"@id\":\"https:\/\/www.disalconsorcio.com.br\/blog\/#organization\",\"name\":\"Blog Disal Cons\u00f3rcio\",\"url\":\"https:\/\/www.disalconsorcio.com.br\/blog\/\",\"logo\":{\"@type\":\"ImageObject\",\"inLanguage\":\"pt-BR\",\"@id\":\"https:\/\/www.disalconsorcio.com.br\/blog\/#\/schema\/logo\/image\/\",\"url\":\"https:\/\/www.disalconsorcio.com.br\/blog\/wp-content\/uploads\/2023\/02\/logo-D-02-GG.png\",\"contentUrl\":\"https:\/\/www.disalconsorcio.com.br\/blog\/wp-content\/uploads\/2023\/02\/logo-D-02-GG.png\",\"width\":1200,\"height\":1060,\"caption\":\"Blog Disal Cons\u00f3rcio\"},\"image\":{\"@id\":\"https:\/\/www.disalconsorcio.com.br\/blog\/#\/schema\/logo\/image\/\"},\"sameAs\":[\"http:\/\/facebook.com\/DisalConsorcioOficial\",\"http:\/\/instagram.com\/disalconsorciooficial\",\"https:\/\/www.linkedin.com\/company\/disal-administradora-de-consrcios\",\"https:\/\/www.youtube.com\/DisalOficial\"]},{\"@type\":\"Person\",\"@id\":\"https:\/\/www.disalconsorcio.com.br\/blog\/#\/schema\/person\/8c47fdecda258f66a16a9c13c0d5e0e6\",\"name\":\"Angela Cavalcanti\"}]}<\/script>\r\n<!-- \/ Yoast SEO plugin. -->","yoast_head_json":{"title":"Dia do Fazendeiro: As picapes mais vendidas no primeiro semestre","description":"Voc\u00ea sabia que no dia 21 de setembro, \u00e9 celebrado o Dia do Fazendeiro? Em comemora\u00e7\u00e3o confira as picapes mais vendidas no primeiro semestre de 2022!","robots":{"index":"index","follow":"follow","max-snippet":"max-snippet:-1","max-image-preview":"max-image-preview:large","max-video-preview":"max-video-preview:-1"},"canonical":"https:\/\/www.disalconsorcio.com.br\/blog\/picapes-mais-vendidas-no-1sem-2022\/","og_locale":"pt_BR","og_type":"article","og_title":"Dia do Fazendeiro: As picapes mais vendidas no primeiro semestre","og_description":"Voc\u00ea sabia que no dia 21 de setembro, \u00e9 celebrado o Dia do Fazendeiro? Em comemora\u00e7\u00e3o confira as picapes mais vendidas no primeiro semestre de 2022!","og_url":"https:\/\/www.disalconsorcio.com.br\/blog\/picapes-mais-vendidas-no-1sem-2022\/","og_site_name":"Blog Disal Cons\u00f3rcio","article_publisher":"http:\/\/facebook.com\/DisalConsorcioOficial","article_published_time":"2022-09-21T11:55:46+00:00","article_modified_time":"2023-02-09T18:13:14+00:00","og_image":[{"width":1080,"height":1080,"url":"https:\/\/www.disalconsorcio.com.br\/blog\/wp-content\/uploads\/2022\/09\/Semana-3-Card-02-Disal-Cons\u00f3rcio.png","type":"image\/png"}],"author":"Angela Cavalcanti","twitter_card":"summary_large_image","twitter_misc":{"Escrito por":"Angela Cavalcanti","Est. tempo de leitura":"6 minutos"},"schema":{"@context":"https:\/\/schema.org","@graph":[{"@type":"Article","@id":"https:\/\/www.disalconsorcio.com.br\/blog\/picapes-mais-vendidas-no-1sem-2022\/#article","isPartOf":{"@id":"https:\/\/www.disalconsorcio.com.br\/blog\/picapes-mais-vendidas-no-1sem-2022\/"},"author":{"name":"Angela Cavalcanti","@id":"https:\/\/www.disalconsorcio.com.br\/blog\/#\/schema\/person\/8c47fdecda258f66a16a9c13c0d5e0e6"},"headline":"Dia do Fazendeiro: As picapes mais vendidas no primeiro semestre de 2022","datePublished":"2022-09-21T11:55:46+00:00","dateModified":"2023-02-09T18:13:14+00:00","mainEntityOfPage":{"@id":"https:\/\/www.disalconsorcio.com.br\/blog\/picapes-mais-vendidas-no-1sem-2022\/"},"wordCount":551,"commentCount":0,"publisher":{"@id":"https:\/\/www.disalconsorcio.com.br\/blog\/#organization"},"image":{"@id":"https:\/\/www.disalconsorcio.com.br\/blog\/picapes-mais-vendidas-no-1sem-2022\/#primaryimage"},"thumbnailUrl":"https:\/\/www.disalconsorcio.com.br\/blog\/wp-content\/uploads\/2022\/09\/Semana-3-Card-02-Disal-Cons\u00f3rcio.png","keywords":["consorcio","cons\u00f3rcio de ve\u00edculos leves","cons\u00f3rcio de ve\u00edculos leves e pesados","cons\u00f3rcio ve\u00edculos leves","cuidados","cuidados com o ve\u00edculo","sistema de cons\u00f3rcio","ve\u00edculos leves","ve\u00edculos pesados","venda de cons\u00f3rcio"],"articleSection":["Chevrolet","Fiat","Ford","Mercado","Nissan","Outras marcas","Volkswagen"],"inLanguage":"pt-BR","potentialAction":[{"@type":"CommentAction","name":"Comment","target":["https:\/\/www.disalconsorcio.com.br\/blog\/picapes-mais-vendidas-no-1sem-2022\/#respond"]}]},{"@type":"WebPage","@id":"https:\/\/www.disalconsorcio.com.br\/blog\/picapes-mais-vendidas-no-1sem-2022\/","url":"https:\/\/www.disalconsorcio.com.br\/blog\/picapes-mais-vendidas-no-1sem-2022\/","name":"Dia do Fazendeiro: As picapes mais vendidas no primeiro semestre","isPartOf":{"@id":"https:\/\/www.disalconsorcio.com.br\/blog\/#website"},"primaryImageOfPage":{"@id":"https:\/\/www.disalconsorcio.com.br\/blog\/picapes-mais-vendidas-no-1sem-2022\/#primaryimage"},"image":{"@id":"https:\/\/www.disalconsorcio.com.br\/blog\/picapes-mais-vendidas-no-1sem-2022\/#primaryimage"},"thumbnailUrl":"https:\/\/www.disalconsorcio.com.br\/blog\/wp-content\/uploads\/2022\/09\/Semana-3-Card-02-Disal-Cons\u00f3rcio.png","datePublished":"2022-09-21T11:55:46+00:00","dateModified":"2023-02-09T18:13:14+00:00","description":"Voc\u00ea sabia que no dia 21 de setembro, \u00e9 celebrado o Dia do Fazendeiro? Em comemora\u00e7\u00e3o confira as picapes mais vendidas no primeiro semestre de 2022!","breadcrumb":{"@id":"https:\/\/www.disalconsorcio.com.br\/blog\/picapes-mais-vendidas-no-1sem-2022\/#breadcrumb"},"inLanguage":"pt-BR","potentialAction":[{"@type":"ReadAction","target":["https:\/\/www.disalconsorcio.com.br\/blog\/picapes-mais-vendidas-no-1sem-2022\/"]}]},{"@type":"ImageObject","inLanguage":"pt-BR","@id":"https:\/\/www.disalconsorcio.com.br\/blog\/picapes-mais-vendidas-no-1sem-2022\/#primaryimage","url":"https:\/\/www.disalconsorcio.com.br\/blog\/wp-content\/uploads\/2022\/09\/Semana-3-Card-02-Disal-Cons\u00f3rcio.png","contentUrl":"https:\/\/www.disalconsorcio.com.br\/blog\/wp-content\/uploads\/2022\/09\/Semana-3-Card-02-Disal-Cons\u00f3rcio.png","width":1080,"height":1080,"caption":"Dia do Fazendeiro | Picapes | Toyota Hilux"},{"@type":"BreadcrumbList","@id":"https:\/\/www.disalconsorcio.com.br\/blog\/picapes-mais-vendidas-no-1sem-2022\/#breadcrumb","itemListElement":[{"@type":"ListItem","position":1,"name":"In\u00edcio","item":"https:\/\/www.disalconsorcio.com.br\/blog\/"},{"@type":"ListItem","position":2,"name":"Dia do Fazendeiro: As picapes mais vendidas no primeiro semestre de 2022"}]},{"@type":"WebSite","@id":"https:\/\/www.disalconsorcio.com.br\/blog\/#website","url":"https:\/\/www.disalconsorcio.com.br\/blog\/","name":"Blog Disal Cons\u00f3rcio","description":"D\u00favidas e novidades","publisher":{"@id":"https:\/\/www.disalconsorcio.com.br\/blog\/#organization"},"potentialAction":[{"@type":"SearchAction","target":{"@type":"EntryPoint","urlTemplate":"https:\/\/www.disalconsorcio.com.br\/blog\/?s={search_term_string}"},"query-input":"required name=search_term_string"}],"inLanguage":"pt-BR"},{"@type":"Organization","@id":"https:\/\/www.disalconsorcio.com.br\/blog\/#organization","name":"Blog Disal Cons\u00f3rcio","url":"https:\/\/www.disalconsorcio.com.br\/blog\/","logo":{"@type":"ImageObject","inLanguage":"pt-BR","@id":"https:\/\/www.disalconsorcio.com.br\/blog\/#\/schema\/logo\/image\/","url":"https:\/\/www.disalconsorcio.com.br\/blog\/wp-content\/uploads\/2023\/02\/logo-D-02-GG.png","contentUrl":"https:\/\/www.disalconsorcio.com.br\/blog\/wp-content\/uploads\/2023\/02\/logo-D-02-GG.png","width":1200,"height":1060,"caption":"Blog Disal Cons\u00f3rcio"},"image":{"@id":"https:\/\/www.disalconsorcio.com.br\/blog\/#\/schema\/logo\/image\/"},"sameAs":["http:\/\/facebook.com\/DisalConsorcioOficial","http:\/\/instagram.com\/disalconsorciooficial","https:\/\/www.linkedin.com\/company\/disal-administradora-de-consrcios","https:\/\/www.youtube.com\/DisalOficial"]},{"@type":"Person","@id":"https:\/\/www.disalconsorcio.com.br\/blog\/#\/schema\/person\/8c47fdecda258f66a16a9c13c0d5e0e6","name":"Angela Cavalcanti"}]}},"_links":{"self":[{"href":"https:\/\/www.disalconsorcio.com.br\/blog\/wp-json\/wp\/v2\/posts\/7083"}],"collection":[{"href":"https:\/\/www.disalconsorcio.com.br\/blog\/wp-json\/wp\/v2\/posts"}],"about":[{"href":"https:\/\/www.disalconsorcio.com.br\/blog\/wp-json\/wp\/v2\/types\/post"}],"author":[{"embeddable":true,"href":"https:\/\/www.disalconsorcio.com.br\/blog\/wp-json\/wp\/v2\/users\/14"}],"replies":[{"embeddable":true,"href":"https:\/\/www.disalconsorcio.com.br\/blog\/wp-json\/wp\/v2\/comments?post=7083"}],"version-history":[{"count":5,"href":"https:\/\/www.disalconsorcio.com.br\/blog\/wp-json\/wp\/v2\/posts\/7083\/revisions"}],"predecessor-version":[{"id":7695,"href":"https:\/\/www.disalconsorcio.com.br\/blog\/wp-json\/wp\/v2\/posts\/7083\/revisions\/7695"}],"wp:featuredmedia":[{"embeddable":true,"href":"https:\/\/www.disalconsorcio.com.br\/blog\/wp-json\/wp\/v2\/media\/7096"}],"wp:attachment":[{"href":"https:\/\/www.disalconsorcio.com.br\/blog\/wp-json\/wp\/v2\/media?parent=7083"}],"wp:term":[{"taxonomy":"category","embeddable":true,"href":"https:\/\/www.disalconsorcio.com.br\/blog\/wp-json\/wp\/v2\/categories?post=7083"},{"taxonomy":"post_tag","embeddable":true,"href":"https:\/\/www.disalconsorcio.com.br\/blog\/wp-json\/wp\/v2\/tags?post=7083"}],"curies":[{"name":"wp","href":"https:\/\/api.w.org\/{rel}","templated":true}]}}