{"id":8170,"date":"2023-06-07T13:48:27","date_gmt":"2023-06-07T13:48:27","guid":{"rendered":"https:\/\/www.disalconsorcio.com.br\/blog\/?p=8170"},"modified":"2023-06-16T14:24:42","modified_gmt":"2023-06-16T14:24:42","slug":"volkswagen-reduz-precos","status":"publish","type":"post","link":"https:\/\/www.disalconsorcio.com.br\/blog\/volkswagen-reduz-precos\/","title":{"rendered":"Volkswagen reduz pre\u00e7os do Polo, Virtus, Saveiro e T-Cross ap\u00f3s incentivo do Governo"},"content":{"rendered":"\n<p>Ap\u00f3s o incentivo do Governo Federal, o Polo Track se torna o carro mais acess\u00edvel da Volkswagen, com pre\u00e7o de R$74.990. T-Cross apresenta o maior desconto nos pre\u00e7os.<\/p>\n\n\n<div class=\"wp-block-image\">\n<figure class=\"aligncenter size-full\"><img loading=\"lazy\" decoding=\"async\" width=\"850\" height=\"567\" src=\"https:\/\/www.disalconsorcio.com.br\/blog\/wp-content\/uploads\/2022\/09\/e1cbc0fa-b82b-41d7-a0cd-9a49dbeb.jpg\" alt=\"Volkswagen Polo 2023\" class=\"wp-image-7192\" srcset=\"https:\/\/www.disalconsorcio.com.br\/blog\/wp-content\/uploads\/2022\/09\/e1cbc0fa-b82b-41d7-a0cd-9a49dbeb.jpg 850w, https:\/\/www.disalconsorcio.com.br\/blog\/wp-content\/uploads\/2022\/09\/e1cbc0fa-b82b-41d7-a0cd-9a49dbeb-150x100.jpg 150w, https:\/\/www.disalconsorcio.com.br\/blog\/wp-content\/uploads\/2022\/09\/e1cbc0fa-b82b-41d7-a0cd-9a49dbeb-727x485.jpg 727w, https:\/\/www.disalconsorcio.com.br\/blog\/wp-content\/uploads\/2022\/09\/e1cbc0fa-b82b-41d7-a0cd-9a49dbeb-768x512.jpg 768w\" sizes=\"(max-width: 850px) 100vw, 850px\" \/><figcaption class=\"wp-element-caption\">Imagem: Divulga\u00e7\u00e3o | Volkswagen Polo 2023<\/figcaption><\/figure><\/div>\n\n\n<p>A Volkswagen divulgou uma nova tabela de pre\u00e7os para seus ve\u00edculos com valor de at\u00e9 R$120.000, que s\u00e3o beneficiados pelas medidas de incentivo recentemente anunciadas pelo Governo Federal. Agora, o modelo mais econ\u00f4mico da marca, o Polo Track, est\u00e1 dispon\u00edvel a partir de R$74.990, representando um desconto de R$7.300. No entanto, esse n\u00e3o \u00e9 o maior desconto oferecido dentro da linha de produtos da Volkswagen.<\/p>\n\n\n\n<p>O Polo 1.0 MPI, equipado com o mesmo motor de 84cv e c\u00e2mbio manual de cinco marchas, al\u00e9m de um pacote de equipamentos atrativo com central multim\u00eddia, teve seu pre\u00e7o reduzido em R$8.000. Agora, est\u00e1 dispon\u00edvel por R$78.390, em compara\u00e7\u00e3o aos R$86.390 anteriores. As vers\u00f5es do hatch compacto com o motor 1.0 turbo de 116cv tamb\u00e9m receberam descontos, variando entre R$3.790 e R$6.000.<\/p>\n\n\n\n<h3 class=\"wp-block-heading\">Volkswagen Virtus: Descontos em Duas Vers\u00f5es e Pre\u00e7os Reduzidos<\/h3>\n\n\n<div class=\"wp-block-image\">\n<figure class=\"aligncenter size-large\"><img loading=\"lazy\" decoding=\"async\" width=\"1255\" height=\"705\" src=\"https:\/\/www.disalconsorcio.com.br\/blog\/wp-content\/uploads\/2023\/02\/Volkswagen-Virtus-2023-13-1255x705.jpg\" alt=\"\" class=\"wp-image-7613\" srcset=\"https:\/\/www.disalconsorcio.com.br\/blog\/wp-content\/uploads\/2023\/02\/Volkswagen-Virtus-2023-13-1255x705.jpg 1255w, https:\/\/www.disalconsorcio.com.br\/blog\/wp-content\/uploads\/2023\/02\/Volkswagen-Virtus-2023-13-863x485.jpg 863w, https:\/\/www.disalconsorcio.com.br\/blog\/wp-content\/uploads\/2023\/02\/Volkswagen-Virtus-2023-13-150x84.jpg 150w, https:\/\/www.disalconsorcio.com.br\/blog\/wp-content\/uploads\/2023\/02\/Volkswagen-Virtus-2023-13-768x432.jpg 768w, https:\/\/www.disalconsorcio.com.br\/blog\/wp-content\/uploads\/2023\/02\/Volkswagen-Virtus-2023-13-1536x863.jpg 1536w, https:\/\/www.disalconsorcio.com.br\/blog\/wp-content\/uploads\/2023\/02\/Volkswagen-Virtus-2023-13-2048x1151.jpg 2048w\" sizes=\"(max-width: 1255px) 100vw, 1255px\" \/><figcaption class=\"wp-element-caption\">Imagem: Divulga\u00e7\u00e3o | Volkswagen Virtus 2023<\/figcaption><\/figure><\/div>\n\n\n<p>O Volkswagen Virtus oferece duas vers\u00f5es contempladas com descontos. A vers\u00e3o TSI manual, equipada com motor 1.0 turbo de 116cv, teve seu pre\u00e7o reduzido para R$98.890, representando um desconto de R$5.500. Por outro lado, sua vers\u00e3o com c\u00e2mbio autom\u00e1tico teve um desconto de R$4.500, passando a custar R$110.890.<\/p>\n\n\n\n<p>Diferentemente de outras montadoras, a Volkswagen n\u00e3o ofereceu descontos adicionais para reduzir o pre\u00e7o do Virtus Comfortline, que continua sendo vendido por R$124.390. O mesmo se aplica ao Nivus Comfortline, dispon\u00edvel por R$127.390, e \u00e0 Saveiro Cross Cabine Dupla, com pre\u00e7o de R$123.080.<\/p>\n\n\n\n<p>Al\u00e9m disso, todas as vers\u00f5es da Saveiro est\u00e3o agora R$4.300 mais baratas. Em suma, sua vers\u00e3o mais acess\u00edvel, Robust Cabine Simples, fica com pre\u00e7o de R$90.190.<\/p>\n\n\n\n<h3 class=\"wp-block-heading\">Volkswagen T-Cross Sense AT: Maior Desconto e Benef\u00edcios Adicionais<\/h3>\n\n\n<div class=\"wp-block-image\">\n<figure class=\"aligncenter size-large\"><img loading=\"lazy\" decoding=\"async\" width=\"1253\" height=\"705\" src=\"https:\/\/www.disalconsorcio.com.br\/blog\/wp-content\/uploads\/2023\/01\/Volkswagen-T-Cross-1253x705.jpg\" alt=\"Volkswagen T-Cross\" class=\"wp-image-7459\" srcset=\"https:\/\/www.disalconsorcio.com.br\/blog\/wp-content\/uploads\/2023\/01\/Volkswagen-T-Cross-1253x705.jpg 1253w, https:\/\/www.disalconsorcio.com.br\/blog\/wp-content\/uploads\/2023\/01\/Volkswagen-T-Cross-150x84.jpg 150w, https:\/\/www.disalconsorcio.com.br\/blog\/wp-content\/uploads\/2023\/01\/Volkswagen-T-Cross-862x485.jpg 862w, https:\/\/www.disalconsorcio.com.br\/blog\/wp-content\/uploads\/2023\/01\/Volkswagen-T-Cross-768x432.jpg 768w, https:\/\/www.disalconsorcio.com.br\/blog\/wp-content\/uploads\/2023\/01\/Volkswagen-T-Cross.jpg 1920w\" sizes=\"(max-width: 1253px) 100vw, 1253px\" \/><figcaption class=\"wp-element-caption\">Imagem: Divulga\u00e7\u00e3o | Volkswagen T-Cross<\/figcaption><\/figure><\/div>\n\n\n<p>O Volkswagen T-Cross Sense AT, vers\u00e3o de entrada do SUV compacto, apresenta o maior desconto entre os modelos da marca. Desse modo, o modelo fica dispon\u00edvel por R$107.550, com um abatimento de R$9.000 em seu pre\u00e7o original.<\/p>\n\n\n\n<p>Al\u00e9m disso, na recente divulga\u00e7\u00e3o da nova tabela de pre\u00e7os, a Volkswagen anunciou que os consumidores ainda podem receber benef\u00edcios adicionais.<\/p>\n\n\n<div class=\"wp-block-image\">\n<figure class=\"aligncenter size-full\"><img loading=\"lazy\" decoding=\"async\" width=\"1068\" height=\"601\" src=\"https:\/\/www.disalconsorcio.com.br\/blog\/wp-content\/uploads\/2022\/09\/Volkswagen-Saveiro.jpg\" alt=\"Volkswagen Saveiro\" class=\"wp-image-7088\" srcset=\"https:\/\/www.disalconsorcio.com.br\/blog\/wp-content\/uploads\/2022\/09\/Volkswagen-Saveiro.jpg 1068w, https:\/\/www.disalconsorcio.com.br\/blog\/wp-content\/uploads\/2022\/09\/Volkswagen-Saveiro-150x84.jpg 150w, https:\/\/www.disalconsorcio.com.br\/blog\/wp-content\/uploads\/2022\/09\/Volkswagen-Saveiro-862x485.jpg 862w, https:\/\/www.disalconsorcio.com.br\/blog\/wp-content\/uploads\/2022\/09\/Volkswagen-Saveiro-768x432.jpg 768w\" sizes=\"(max-width: 1068px) 100vw, 1068px\" \/><figcaption class=\"wp-element-caption\">Imagem: Divulga\u00e7\u00e3o | Volkswagen Saveiro<\/figcaption><\/figure><\/div>\n\n\n<h3 class=\"wp-block-heading\">Confira a nova tabela de pre\u00e7os da Volkswagen:<\/h3>\n\n\n\n<figure class=\"wp-block-table\"><table><tbody><tr><td><strong>Modelo<\/strong><\/td><td><strong>Pre\u00e7o original<\/strong><\/td><td><strong>Novo pre\u00e7o<\/strong><\/td><td><strong>Desconto<\/strong><\/td><\/tr><tr><td>NOVO POLO TRACK 1.0 MPI<\/td><td>R$ 82.290<\/td><td>R$ 74.990<\/td><td>R$ 7.300<\/td><\/tr><tr><td>NOVO POLO 1.0 MPI<\/td><td>R$ 86.390<\/td><td>R$ 78.390<\/td><td>R$ 8.000<\/td><\/tr><tr><td>NOVO POLO TSI<\/td><td>R$ 95.990<\/td><td>R$ 89.990<\/td><td>R$ 6.000<\/td><\/tr><tr><td>NOVO POLO Comfortline TSI<\/td><td>R$ 106.290<\/td><td>R$ 102.500<\/td><td>R$ 3.790<\/td><\/tr><tr><td>NOVO POLO Highline TSI<\/td><td>R$ 113.290<\/td><td>R$ 108.290<\/td><td>R$ 5.000<\/td><\/tr><tr><td>VIRTUS TSI MT<\/td><td>R$ 104.390<\/td><td>R$ 98.890<\/td><td>R$ 5.500<\/td><\/tr><tr><td>VIRTUS TSI AT<\/td><td>R$ 115.390<\/td><td>R$ 110.890<\/td><td>R$ 4.500<\/td><\/tr><tr><td>SAVEIRO Cabine Simples Robust<\/td><td>R$ 94.490<\/td><td>R$ 90.190<\/td><td>R$ 4.300<\/td><\/tr><tr><td>SAVEIRO Cabine Simples Trendline<\/td><td>R$ 99.380<\/td><td>R$ 95.080<\/td><td>R$ 4.300<\/td><\/tr><tr><td>SAVEIRO Cabine Dupla Robust<\/td><td>R$ 108.780<\/td><td>R$ 104.480<\/td><td>R$ 4.300<\/td><\/tr><tr><td>T-CROSS SENSE AT<\/td><td>R$ 116.551<\/td><td>R$ 107.550<\/td><td>R$ 9.000<\/td><\/tr><\/tbody><\/table><\/figure>\n\n\n\n<h3 class=\"wp-block-heading\"><strong>A Disal vai te ajudar na conquista do seu!<\/strong><\/h3>\n\n\n\n<p>Com mais de tr\u00eas d\u00e9cadas de atua\u00e7\u00e3o, a\u00a0<a href=\"https:\/\/www.disalconsorcio.com.br\/\">Disal Cons\u00f3rcio<\/a>\u00a0j\u00e1 vendeu mais de 1 milh\u00e3o de cotas e est\u00e1 presente em todo o Brasil. Nossa Rede Autorizada formada por mais de 500 pontos de vendas. Confira o parceiro autorizado mais proximo de voc\u00ea <a href=\"https:\/\/www.disalconsorcio.com.br\/rede-autorizada\" target=\"_blank\" rel=\"noreferrer noopener\">aqui<\/a>!<\/p>\n\n\n\n<p>Na&nbsp;<a href=\"https:\/\/www.disalconsorcio.com.br\/\">Disal<\/a>&nbsp;voc\u00ea adquire sua cota de cons\u00f3rcio para conquistar do seu ve\u00edculo com praticidade e seguran\u00e7a. Voc\u00ea fica mais pr\u00f3ximo da sua conquista.<\/p>\n\n\n\n<p>Para adquirir sua cota de cons\u00f3rcio&nbsp;<a href=\"https:\/\/www.disalconsorcio.com.br\/\" target=\"_blank\" rel=\"noreferrer noopener\">Disal<\/a>, basta realizar uma simula\u00e7\u00e3o&nbsp;<a href=\"http:\/\/disalconsorcio.com.br\/etapa-1?utm_source=Blog&amp;utm_medium=organico&amp;utm_campaign=blog-organico-conteudo-simula%C3%A7%C3%A3o&amp;guid_campaign=42529de3-8d0c-42cc-ba60-1562457fa993&amp;utm_term=Blog\" target=\"_blank\" rel=\"noreferrer noopener\">clicando aqui<\/a>. Em seguida, um de nossos representantes entrar\u00e1 em contato para dar continuidade ao seu atendimento personalizado.<\/p>\n\n\n\n<p>Acima de tudo, voc\u00ea tem total liberdade para escolher o valor da&nbsp;<a href=\"https:\/\/www.disalconsorcio.com.br\/blog\/voce-entende-a-funcao-da-carta-de-credito\/\" target=\"_blank\" rel=\"noreferrer noopener\">carta de cr\u00e9dito<\/a>&nbsp;e a quantidade de parcelas para a compra do bem desejado.<\/p>\n\n\n\n<p>Portanto n\u00e3o perca tempo e comece agora mesmo a&nbsp;<a href=\"http:\/\/disalconsorcio.com.br\/etapa-1?utm_source=Blog&amp;utm_medium=organico&amp;utm_campaign=blog-organico-conteudo-simula%C3%A7%C3%A3o&amp;guid_campaign=42529de3-8d0c-42cc-ba60-1562457fa993&amp;utm_term=Blog\" target=\"_blank\" rel=\"noreferrer noopener\">planejar sua conquista<\/a>!<\/p>\n\n\n\n<figure class=\"wp-block-image\"><a href=\"https:\/\/www.disalconsorcio.com.br\/etapa-1?utm_source=Blog&amp;utm_medium=organico&amp;utm_campaign=blog-organico-conteudo-simula%C3%A7%C3%A3o&amp;guid_campaign=42529de3-8d0c-42cc-ba60-1562457fa993&amp;utm_term=Blog\" target=\"_blank\" rel=\"noreferrer noopener\"><img decoding=\"async\" src=\"https:\/\/www.disalconsorcio.com.br\/blog\/wp-content\/uploads\/2022\/04\/Banner-Blog-1005-x-200-px-Disal-Cons%C3%B3rcio-970x193.png\" alt=\"simule_agora_2022\" class=\"wp-image-6300\"\/><\/a><\/figure>\n","protected":false},"excerpt":{"rendered":"<p>Ap\u00f3s o incentivo do Governo Federal, o Polo Track se torna o carro mais acess\u00edvel da Volkswagen, com pre\u00e7o de R$74.990.<\/p>\n","protected":false},"author":14,"featured_media":7459,"comment_status":"closed","ping_status":"open","sticky":false,"template":"","format":"standard","meta":{"_acf_changed":false,"footnotes":""},"categories":[496,792],"tags":[795,311,385,296,88,95,803,473,201,31,641,50,249,211,157],"acf":[],"yoast_head":"<!-- This site is optimized with the Yoast SEO plugin v22.8 - https:\/\/yoast.com\/wordpress\/plugins\/seo\/ -->\r\n<title>Volkswagen reduz pre\u00e7os ap\u00f3s incentivo do Governo<\/title>\r\n<meta name=\"description\" content=\"Ap\u00f3s o incentivo do Governo Federal, o Polo Track se torna o carro mais acess\u00edvel da Volkswagen, com pre\u00e7o de R$74.990.\" \/>\r\n<meta name=\"robots\" content=\"index, follow, max-snippet:-1, max-image-preview:large, max-video-preview:-1\" \/>\r\n<link rel=\"canonical\" href=\"https:\/\/www.disalconsorcio.com.br\/blog\/volkswagen-reduz-precos\/\" \/>\r\n<meta property=\"og:locale\" content=\"pt_BR\" \/>\r\n<meta property=\"og:type\" content=\"article\" \/>\r\n<meta property=\"og:title\" content=\"Volkswagen reduz pre\u00e7os ap\u00f3s incentivo do Governo\" \/>\r\n<meta property=\"og:description\" content=\"Ap\u00f3s o incentivo do Governo Federal, o Polo Track se torna o carro mais acess\u00edvel da Volkswagen, com pre\u00e7o de R$74.990.\" \/>\r\n<meta property=\"og:url\" content=\"https:\/\/www.disalconsorcio.com.br\/blog\/volkswagen-reduz-precos\/\" \/>\r\n<meta property=\"og:site_name\" content=\"Blog Disal Cons\u00f3rcio\" \/>\r\n<meta property=\"article:publisher\" content=\"http:\/\/facebook.com\/DisalConsorcioOficial\" \/>\r\n<meta property=\"article:published_time\" content=\"2023-06-07T13:48:27+00:00\" \/>\r\n<meta property=\"article:modified_time\" content=\"2023-06-16T14:24:42+00:00\" \/>\r\n<meta property=\"og:image\" content=\"https:\/\/www.disalconsorcio.com.br\/blog\/wp-content\/uploads\/2023\/01\/Volkswagen-T-Cross.jpg\" \/>\r\n\t<meta property=\"og:image:width\" content=\"1920\" \/>\r\n\t<meta property=\"og:image:height\" content=\"1080\" \/>\r\n\t<meta property=\"og:image:type\" content=\"image\/jpeg\" \/>\r\n<meta name=\"author\" content=\"Angela Cavalcanti\" \/>\r\n<meta name=\"twitter:card\" content=\"summary_large_image\" \/>\r\n<meta name=\"twitter:label1\" content=\"Escrito por\" \/>\n\t<meta name=\"twitter:data1\" content=\"Angela Cavalcanti\" \/>\n\t<meta name=\"twitter:label2\" content=\"Est. tempo de leitura\" \/>\n\t<meta name=\"twitter:data2\" content=\"5 minutos\" \/>\r\n<script type=\"application\/ld+json\" class=\"yoast-schema-graph\">{\"@context\":\"https:\/\/schema.org\",\"@graph\":[{\"@type\":\"Article\",\"@id\":\"https:\/\/www.disalconsorcio.com.br\/blog\/volkswagen-reduz-precos\/#article\",\"isPartOf\":{\"@id\":\"https:\/\/www.disalconsorcio.com.br\/blog\/volkswagen-reduz-precos\/\"},\"author\":{\"name\":\"Angela Cavalcanti\",\"@id\":\"https:\/\/www.disalconsorcio.com.br\/blog\/#\/schema\/person\/8c47fdecda258f66a16a9c13c0d5e0e6\"},\"headline\":\"Volkswagen reduz pre\u00e7os do Polo, Virtus, Saveiro e T-Cross ap\u00f3s incentivo do Governo\",\"datePublished\":\"2023-06-07T13:48:27+00:00\",\"dateModified\":\"2023-06-16T14:24:42+00:00\",\"mainEntityOfPage\":{\"@id\":\"https:\/\/www.disalconsorcio.com.br\/blog\/volkswagen-reduz-precos\/\"},\"wordCount\":675,\"publisher\":{\"@id\":\"https:\/\/www.disalconsorcio.com.br\/blog\/#organization\"},\"image\":{\"@id\":\"https:\/\/www.disalconsorcio.com.br\/blog\/volkswagen-reduz-precos\/#primaryimage\"},\"thumbnailUrl\":\"https:\/\/www.disalconsorcio.com.br\/blog\/wp-content\/uploads\/2023\/01\/Volkswagen-T-Cross.jpg\",\"keywords\":[\"2023\",\"cons\u00f3rcio Disal\",\"disal\",\"disal cons\u00f3rcio\",\"hatch\",\"mercado\",\"Not\u00edcias\",\"picape\",\"polo\",\"Saveiro\",\"sedan\",\"suv\",\"T-CROSS\",\"Virtus\",\"Volkswagen\"],\"articleSection\":[\"Mercado\",\"Volkswagen\"],\"inLanguage\":\"pt-BR\"},{\"@type\":\"WebPage\",\"@id\":\"https:\/\/www.disalconsorcio.com.br\/blog\/volkswagen-reduz-precos\/\",\"url\":\"https:\/\/www.disalconsorcio.com.br\/blog\/volkswagen-reduz-precos\/\",\"name\":\"Volkswagen reduz pre\u00e7os ap\u00f3s incentivo do Governo\",\"isPartOf\":{\"@id\":\"https:\/\/www.disalconsorcio.com.br\/blog\/#website\"},\"primaryImageOfPage\":{\"@id\":\"https:\/\/www.disalconsorcio.com.br\/blog\/volkswagen-reduz-precos\/#primaryimage\"},\"image\":{\"@id\":\"https:\/\/www.disalconsorcio.com.br\/blog\/volkswagen-reduz-precos\/#primaryimage\"},\"thumbnailUrl\":\"https:\/\/www.disalconsorcio.com.br\/blog\/wp-content\/uploads\/2023\/01\/Volkswagen-T-Cross.jpg\",\"datePublished\":\"2023-06-07T13:48:27+00:00\",\"dateModified\":\"2023-06-16T14:24:42+00:00\",\"description\":\"Ap\u00f3s o incentivo do Governo Federal, o Polo Track se torna o carro mais acess\u00edvel da Volkswagen, com pre\u00e7o de R$74.990.\",\"breadcrumb\":{\"@id\":\"https:\/\/www.disalconsorcio.com.br\/blog\/volkswagen-reduz-precos\/#breadcrumb\"},\"inLanguage\":\"pt-BR\",\"potentialAction\":[{\"@type\":\"ReadAction\",\"target\":[\"https:\/\/www.disalconsorcio.com.br\/blog\/volkswagen-reduz-precos\/\"]}]},{\"@type\":\"ImageObject\",\"inLanguage\":\"pt-BR\",\"@id\":\"https:\/\/www.disalconsorcio.com.br\/blog\/volkswagen-reduz-precos\/#primaryimage\",\"url\":\"https:\/\/www.disalconsorcio.com.br\/blog\/wp-content\/uploads\/2023\/01\/Volkswagen-T-Cross.jpg\",\"contentUrl\":\"https:\/\/www.disalconsorcio.com.br\/blog\/wp-content\/uploads\/2023\/01\/Volkswagen-T-Cross.jpg\",\"width\":1920,\"height\":1080,\"caption\":\"Imagem: Divulga\u00e7\u00e3o | Volkswagen T-Cross\"},{\"@type\":\"BreadcrumbList\",\"@id\":\"https:\/\/www.disalconsorcio.com.br\/blog\/volkswagen-reduz-precos\/#breadcrumb\",\"itemListElement\":[{\"@type\":\"ListItem\",\"position\":1,\"name\":\"In\u00edcio\",\"item\":\"https:\/\/www.disalconsorcio.com.br\/blog\/\"},{\"@type\":\"ListItem\",\"position\":2,\"name\":\"Volkswagen reduz pre\u00e7os do Polo, Virtus, Saveiro e T-Cross ap\u00f3s incentivo do Governo\"}]},{\"@type\":\"WebSite\",\"@id\":\"https:\/\/www.disalconsorcio.com.br\/blog\/#website\",\"url\":\"https:\/\/www.disalconsorcio.com.br\/blog\/\",\"name\":\"Blog Disal Cons\u00f3rcio\",\"description\":\"D\u00favidas e novidades\",\"publisher\":{\"@id\":\"https:\/\/www.disalconsorcio.com.br\/blog\/#organization\"},\"potentialAction\":[{\"@type\":\"SearchAction\",\"target\":{\"@type\":\"EntryPoint\",\"urlTemplate\":\"https:\/\/www.disalconsorcio.com.br\/blog\/?s={search_term_string}\"},\"query-input\":\"required name=search_term_string\"}],\"inLanguage\":\"pt-BR\"},{\"@type\":\"Organization\",\"@id\":\"https:\/\/www.disalconsorcio.com.br\/blog\/#organization\",\"name\":\"Blog Disal Cons\u00f3rcio\",\"url\":\"https:\/\/www.disalconsorcio.com.br\/blog\/\",\"logo\":{\"@type\":\"ImageObject\",\"inLanguage\":\"pt-BR\",\"@id\":\"https:\/\/www.disalconsorcio.com.br\/blog\/#\/schema\/logo\/image\/\",\"url\":\"https:\/\/www.disalconsorcio.com.br\/blog\/wp-content\/uploads\/2023\/02\/logo-D-02-GG.png\",\"contentUrl\":\"https:\/\/www.disalconsorcio.com.br\/blog\/wp-content\/uploads\/2023\/02\/logo-D-02-GG.png\",\"width\":1200,\"height\":1060,\"caption\":\"Blog Disal Cons\u00f3rcio\"},\"image\":{\"@id\":\"https:\/\/www.disalconsorcio.com.br\/blog\/#\/schema\/logo\/image\/\"},\"sameAs\":[\"http:\/\/facebook.com\/DisalConsorcioOficial\",\"http:\/\/instagram.com\/disalconsorciooficial\",\"https:\/\/www.linkedin.com\/company\/disal-administradora-de-consrcios\",\"https:\/\/www.youtube.com\/DisalOficial\"]},{\"@type\":\"Person\",\"@id\":\"https:\/\/www.disalconsorcio.com.br\/blog\/#\/schema\/person\/8c47fdecda258f66a16a9c13c0d5e0e6\",\"name\":\"Angela Cavalcanti\"}]}<\/script>\r\n<!-- \/ Yoast SEO plugin. -->","yoast_head_json":{"title":"Volkswagen reduz pre\u00e7os ap\u00f3s incentivo do Governo","description":"Ap\u00f3s o incentivo do Governo Federal, o Polo Track se torna o carro mais acess\u00edvel da Volkswagen, com pre\u00e7o de R$74.990.","robots":{"index":"index","follow":"follow","max-snippet":"max-snippet:-1","max-image-preview":"max-image-preview:large","max-video-preview":"max-video-preview:-1"},"canonical":"https:\/\/www.disalconsorcio.com.br\/blog\/volkswagen-reduz-precos\/","og_locale":"pt_BR","og_type":"article","og_title":"Volkswagen reduz pre\u00e7os ap\u00f3s incentivo do Governo","og_description":"Ap\u00f3s o incentivo do Governo Federal, o Polo Track se torna o carro mais acess\u00edvel da Volkswagen, com pre\u00e7o de R$74.990.","og_url":"https:\/\/www.disalconsorcio.com.br\/blog\/volkswagen-reduz-precos\/","og_site_name":"Blog Disal Cons\u00f3rcio","article_publisher":"http:\/\/facebook.com\/DisalConsorcioOficial","article_published_time":"2023-06-07T13:48:27+00:00","article_modified_time":"2023-06-16T14:24:42+00:00","og_image":[{"width":1920,"height":1080,"url":"https:\/\/www.disalconsorcio.com.br\/blog\/wp-content\/uploads\/2023\/01\/Volkswagen-T-Cross.jpg","type":"image\/jpeg"}],"author":"Angela Cavalcanti","twitter_card":"summary_large_image","twitter_misc":{"Escrito por":"Angela Cavalcanti","Est. tempo de leitura":"5 minutos"},"schema":{"@context":"https:\/\/schema.org","@graph":[{"@type":"Article","@id":"https:\/\/www.disalconsorcio.com.br\/blog\/volkswagen-reduz-precos\/#article","isPartOf":{"@id":"https:\/\/www.disalconsorcio.com.br\/blog\/volkswagen-reduz-precos\/"},"author":{"name":"Angela Cavalcanti","@id":"https:\/\/www.disalconsorcio.com.br\/blog\/#\/schema\/person\/8c47fdecda258f66a16a9c13c0d5e0e6"},"headline":"Volkswagen reduz pre\u00e7os do Polo, Virtus, Saveiro e T-Cross ap\u00f3s incentivo do Governo","datePublished":"2023-06-07T13:48:27+00:00","dateModified":"2023-06-16T14:24:42+00:00","mainEntityOfPage":{"@id":"https:\/\/www.disalconsorcio.com.br\/blog\/volkswagen-reduz-precos\/"},"wordCount":675,"publisher":{"@id":"https:\/\/www.disalconsorcio.com.br\/blog\/#organization"},"image":{"@id":"https:\/\/www.disalconsorcio.com.br\/blog\/volkswagen-reduz-precos\/#primaryimage"},"thumbnailUrl":"https:\/\/www.disalconsorcio.com.br\/blog\/wp-content\/uploads\/2023\/01\/Volkswagen-T-Cross.jpg","keywords":["2023","cons\u00f3rcio Disal","disal","disal cons\u00f3rcio","hatch","mercado","Not\u00edcias","picape","polo","Saveiro","sedan","suv","T-CROSS","Virtus","Volkswagen"],"articleSection":["Mercado","Volkswagen"],"inLanguage":"pt-BR"},{"@type":"WebPage","@id":"https:\/\/www.disalconsorcio.com.br\/blog\/volkswagen-reduz-precos\/","url":"https:\/\/www.disalconsorcio.com.br\/blog\/volkswagen-reduz-precos\/","name":"Volkswagen reduz pre\u00e7os ap\u00f3s incentivo do Governo","isPartOf":{"@id":"https:\/\/www.disalconsorcio.com.br\/blog\/#website"},"primaryImageOfPage":{"@id":"https:\/\/www.disalconsorcio.com.br\/blog\/volkswagen-reduz-precos\/#primaryimage"},"image":{"@id":"https:\/\/www.disalconsorcio.com.br\/blog\/volkswagen-reduz-precos\/#primaryimage"},"thumbnailUrl":"https:\/\/www.disalconsorcio.com.br\/blog\/wp-content\/uploads\/2023\/01\/Volkswagen-T-Cross.jpg","datePublished":"2023-06-07T13:48:27+00:00","dateModified":"2023-06-16T14:24:42+00:00","description":"Ap\u00f3s o incentivo do Governo Federal, o Polo Track se torna o carro mais acess\u00edvel da Volkswagen, com pre\u00e7o de R$74.990.","breadcrumb":{"@id":"https:\/\/www.disalconsorcio.com.br\/blog\/volkswagen-reduz-precos\/#breadcrumb"},"inLanguage":"pt-BR","potentialAction":[{"@type":"ReadAction","target":["https:\/\/www.disalconsorcio.com.br\/blog\/volkswagen-reduz-precos\/"]}]},{"@type":"ImageObject","inLanguage":"pt-BR","@id":"https:\/\/www.disalconsorcio.com.br\/blog\/volkswagen-reduz-precos\/#primaryimage","url":"https:\/\/www.disalconsorcio.com.br\/blog\/wp-content\/uploads\/2023\/01\/Volkswagen-T-Cross.jpg","contentUrl":"https:\/\/www.disalconsorcio.com.br\/blog\/wp-content\/uploads\/2023\/01\/Volkswagen-T-Cross.jpg","width":1920,"height":1080,"caption":"Imagem: Divulga\u00e7\u00e3o | Volkswagen T-Cross"},{"@type":"BreadcrumbList","@id":"https:\/\/www.disalconsorcio.com.br\/blog\/volkswagen-reduz-precos\/#breadcrumb","itemListElement":[{"@type":"ListItem","position":1,"name":"In\u00edcio","item":"https:\/\/www.disalconsorcio.com.br\/blog\/"},{"@type":"ListItem","position":2,"name":"Volkswagen reduz pre\u00e7os do Polo, Virtus, Saveiro e T-Cross ap\u00f3s incentivo do Governo"}]},{"@type":"WebSite","@id":"https:\/\/www.disalconsorcio.com.br\/blog\/#website","url":"https:\/\/www.disalconsorcio.com.br\/blog\/","name":"Blog Disal Cons\u00f3rcio","description":"D\u00favidas e novidades","publisher":{"@id":"https:\/\/www.disalconsorcio.com.br\/blog\/#organization"},"potentialAction":[{"@type":"SearchAction","target":{"@type":"EntryPoint","urlTemplate":"https:\/\/www.disalconsorcio.com.br\/blog\/?s={search_term_string}"},"query-input":"required name=search_term_string"}],"inLanguage":"pt-BR"},{"@type":"Organization","@id":"https:\/\/www.disalconsorcio.com.br\/blog\/#organization","name":"Blog Disal Cons\u00f3rcio","url":"https:\/\/www.disalconsorcio.com.br\/blog\/","logo":{"@type":"ImageObject","inLanguage":"pt-BR","@id":"https:\/\/www.disalconsorcio.com.br\/blog\/#\/schema\/logo\/image\/","url":"https:\/\/www.disalconsorcio.com.br\/blog\/wp-content\/uploads\/2023\/02\/logo-D-02-GG.png","contentUrl":"https:\/\/www.disalconsorcio.com.br\/blog\/wp-content\/uploads\/2023\/02\/logo-D-02-GG.png","width":1200,"height":1060,"caption":"Blog Disal Cons\u00f3rcio"},"image":{"@id":"https:\/\/www.disalconsorcio.com.br\/blog\/#\/schema\/logo\/image\/"},"sameAs":["http:\/\/facebook.com\/DisalConsorcioOficial","http:\/\/instagram.com\/disalconsorciooficial","https:\/\/www.linkedin.com\/company\/disal-administradora-de-consrcios","https:\/\/www.youtube.com\/DisalOficial"]},{"@type":"Person","@id":"https:\/\/www.disalconsorcio.com.br\/blog\/#\/schema\/person\/8c47fdecda258f66a16a9c13c0d5e0e6","name":"Angela Cavalcanti"}]}},"_links":{"self":[{"href":"https:\/\/www.disalconsorcio.com.br\/blog\/wp-json\/wp\/v2\/posts\/8170"}],"collection":[{"href":"https:\/\/www.disalconsorcio.com.br\/blog\/wp-json\/wp\/v2\/posts"}],"about":[{"href":"https:\/\/www.disalconsorcio.com.br\/blog\/wp-json\/wp\/v2\/types\/post"}],"author":[{"embeddable":true,"href":"https:\/\/www.disalconsorcio.com.br\/blog\/wp-json\/wp\/v2\/users\/14"}],"replies":[{"embeddable":true,"href":"https:\/\/www.disalconsorcio.com.br\/blog\/wp-json\/wp\/v2\/comments?post=8170"}],"version-history":[{"count":5,"href":"https:\/\/www.disalconsorcio.com.br\/blog\/wp-json\/wp\/v2\/posts\/8170\/revisions"}],"predecessor-version":[{"id":8230,"href":"https:\/\/www.disalconsorcio.com.br\/blog\/wp-json\/wp\/v2\/posts\/8170\/revisions\/8230"}],"wp:featuredmedia":[{"embeddable":true,"href":"https:\/\/www.disalconsorcio.com.br\/blog\/wp-json\/wp\/v2\/media\/7459"}],"wp:attachment":[{"href":"https:\/\/www.disalconsorcio.com.br\/blog\/wp-json\/wp\/v2\/media?parent=8170"}],"wp:term":[{"taxonomy":"category","embeddable":true,"href":"https:\/\/www.disalconsorcio.com.br\/blog\/wp-json\/wp\/v2\/categories?post=8170"},{"taxonomy":"post_tag","embeddable":true,"href":"https:\/\/www.disalconsorcio.com.br\/blog\/wp-json\/wp\/v2\/tags?post=8170"}],"curies":[{"name":"wp","href":"https:\/\/api.w.org\/{rel}","templated":true}]}}