{"id":8491,"date":"2023-08-14T05:00:00","date_gmt":"2023-08-14T05:00:00","guid":{"rendered":"https:\/\/www.disalconsorcio.com.br\/blog\/?p=8491"},"modified":"2023-08-24T16:58:37","modified_gmt":"2023-08-24T16:58:37","slug":"citroen-ami","status":"publish","type":"post","link":"https:\/\/www.disalconsorcio.com.br\/blog\/citroen-ami\/","title":{"rendered":"Citro\u00ebn AMI chegar\u00e1 ao Brasil com pre\u00e7o abaixo dos R$ 100 mil"},"content":{"rendered":"\n<p>O Citro\u00ebn AMI foi confirmado para o Brasil e para outros mercados da Am\u00e9rica do Sul, conforme anunciado pelo presidente da Stellantis, empresa propriet\u00e1ria da Citro\u00ebn, Antonio Filosa. No entanto, a data exata de lan\u00e7amento n\u00e3o foi revelada.<\/p>\n\n\n<div class=\"wp-block-image\">\n<figure class=\"aligncenter size-full\"><img loading=\"lazy\" decoding=\"async\" width=\"1160\" height=\"653\" src=\"https:\/\/www.disalconsorcio.com.br\/blog\/wp-content\/uploads\/2023\/07\/Citroen-AMI-01.jpg\" alt=\"Imagem: Divulga\u00e7\u00e3o | Citro\u00ebn AMI\" class=\"wp-image-8493\" srcset=\"https:\/\/www.disalconsorcio.com.br\/blog\/wp-content\/uploads\/2023\/07\/Citroen-AMI-01.jpg 1160w, https:\/\/www.disalconsorcio.com.br\/blog\/wp-content\/uploads\/2023\/07\/Citroen-AMI-01-862x485.jpg 862w, https:\/\/www.disalconsorcio.com.br\/blog\/wp-content\/uploads\/2023\/07\/Citroen-AMI-01-150x84.jpg 150w, https:\/\/www.disalconsorcio.com.br\/blog\/wp-content\/uploads\/2023\/07\/Citroen-AMI-01-768x432.jpg 768w\" sizes=\"(max-width: 1160px) 100vw, 1160px\" \/><figcaption class=\"wp-element-caption\">Imagem: Divulga\u00e7\u00e3o | Citro\u00ebn AMI <\/figcaption><\/figure><\/div>\n\n\n<p>O AMI possui um motor el\u00e9trico de 6 kW, que equivale a 8,2 cv de pot\u00eancia, e oferece uma autonomia de 80 km. Sua velocidade m\u00e1xima \u00e9 de 45 km\/h. O ve\u00edculo \u00e9 acompanhado de um cabo de carregamento, permitindo a recarga completa em menos de quatro horas em tomadas de 110 ou 220V.<\/p>\n\n\n\n<p>Com dimens\u00f5es compactas, o AMI mede 2,41 metros de comprimento e 1,39 metro de largura. Comparado ao Fiat Mobi, \u00e9 1,16 metro mais curto no comprimento e 48 cm mais estreito na largura. O ve\u00edculo possui espa\u00e7o para duas pessoas e um compartimento de carga com capacidade de 70 litros. Na Europa, o AMI \u00e9 classificado como um quadriciclo.<\/p>\n\n\n\n<p>Antonio Filosa e Vanessa Castanho, vice-presidente da Citro\u00ebn na Am\u00e9rica do Sul, fizeram o an\u00fancio atrav\u00e9s de um v\u00eddeo divulgado, mostrando o Polo Automotivo da Stellantis em Betim (MG).<\/p>\n\n\n\n<figure class=\"wp-block-embed aligncenter is-type-video is-provider-youtube wp-block-embed-youtube wp-embed-aspect-16-9 wp-has-aspect-ratio\"><div class=\"wp-block-embed__wrapper\">\n<iframe loading=\"lazy\" title=\"Citro\u00ebn AMI\" width=\"500\" height=\"281\" src=\"https:\/\/www.youtube.com\/embed\/c4l4vDV4mIU?feature=oembed&#038;enablejsapi=1&#038;origin=https:\/\/www.disalconsorcio.com.br\" frameborder=\"0\" allow=\"accelerometer; autoplay; clipboard-write; encrypted-media; gyroscope; picture-in-picture; web-share\" referrerpolicy=\"strict-origin-when-cross-origin\" allowfullscreen><\/iframe>\n<\/div><\/figure>\n\n\n\n<h3 class=\"wp-block-heading\">Pre\u00e7o abaixo dos R$ 100 mil<\/h3>\n\n\n\n<p>No Brasil, a Citro\u00ebn lan\u00e7ar\u00e1 o Citro\u00ebn AMI com um pre\u00e7o previsto abaixo de R$ 100 mil. A Citro\u00ebn introduziu o ve\u00edculo na Europa como uma op\u00e7\u00e3o para viagens curtas, sendo uma alternativa a scooters, bicicletas e patinetes. O pre\u00e7o sugerido na Europa \u00e9 de aproximadamente \u20ac 6 mil, o que equivale a pouco mais de R$ 30 mil na convers\u00e3o direta, sem considerar impostos.<\/p>\n\n\n\n<p>Na Europa, o AMI tamb\u00e9m pode ser alugado e integrar servi\u00e7os de compartilhamento. A op\u00e7\u00e3o de aluguel de longo prazo oferecida pela Citro\u00ebn requer um sinal de \u20ac 2.644, aproximadamente R$ 14 mil, com uma mensalidade inicial a partir de \u20ac 20, o que equivale a cerca de R$ 100.<\/p>\n\n\n\n<p>As vendas do Citro\u00ebn AMI no Brasil est\u00e3o programadas para come\u00e7ar ainda neste ano, e espera-se que o pre\u00e7o seja mais acess\u00edvel, abaixo de R$ 100 mil.<\/p>\n\n\n<div class=\"wp-block-image\">\n<figure class=\"aligncenter size-full\"><img loading=\"lazy\" decoding=\"async\" width=\"1160\" height=\"653\" src=\"https:\/\/www.disalconsorcio.com.br\/blog\/wp-content\/uploads\/2023\/07\/Citroen-AMI-02.jpg\" alt=\"Imagem: Divulga\u00e7\u00e3o | Citro\u00ebn AMI\" class=\"wp-image-8492\" srcset=\"https:\/\/www.disalconsorcio.com.br\/blog\/wp-content\/uploads\/2023\/07\/Citroen-AMI-02.jpg 1160w, https:\/\/www.disalconsorcio.com.br\/blog\/wp-content\/uploads\/2023\/07\/Citroen-AMI-02-862x485.jpg 862w, https:\/\/www.disalconsorcio.com.br\/blog\/wp-content\/uploads\/2023\/07\/Citroen-AMI-02-150x84.jpg 150w, https:\/\/www.disalconsorcio.com.br\/blog\/wp-content\/uploads\/2023\/07\/Citroen-AMI-02-768x432.jpg 768w\" sizes=\"(max-width: 1160px) 100vw, 1160px\" \/><figcaption class=\"wp-element-caption\">Imagem: Divulga\u00e7\u00e3o | Citro\u00ebn AMI <\/figcaption><\/figure><\/div>\n\n\n<h3 class=\"wp-block-heading\">N\u00e3o precisa de CNH?<\/h3>\n\n\n\n<p>Na Europa, motoristas a partir dos 16 anos podem dirigir o Citro\u00ebn Ami sem a necessidade de carteira de habilita\u00e7\u00e3o. Por outro lado, na Fran\u00e7a, essa idade \u00e9 ainda menor, com jovens de 14 anos autorizados a conduzir esse tipo de ve\u00edculo. No entanto, no Brasil, o Ami n\u00e3o poder\u00e1 circular em vias p\u00fablicas, uma vez que n\u00e3o possui airbags e n\u00e3o atende aos requisitos de seguran\u00e7a necess\u00e1rios para isso. Em suma, seu uso ser\u00e1 restrito a \u00e1reas confinadas, como condom\u00ednios, centros de distribui\u00e7\u00e3o e shoppings.<\/p>\n\n\n\n<p>O design do Ami \u00e9 peculiar, apresentando um aspecto futurista. Suas portas s\u00e3o assim\u00e9tricas, abrindo em dire\u00e7\u00f5es opostas, e tanto a parte dianteira quanto a traseira t\u00eam apar\u00eancia similar, o que torna dif\u00edcil determinar a orienta\u00e7\u00e3o do ve\u00edculo. A Citro\u00ebn oferecer\u00e1 op\u00e7\u00f5es de personaliza\u00e7\u00e3o para os compradores do modelo, possibilitando a customiza\u00e7\u00e3o de acordo com as prefer\u00eancias individuais.<\/p>\n\n\n<div class=\"wp-block-image\">\n<figure class=\"aligncenter size-full\"><img loading=\"lazy\" decoding=\"async\" width=\"1160\" height=\"653\" src=\"https:\/\/www.disalconsorcio.com.br\/blog\/wp-content\/uploads\/2023\/07\/Citroen-AMI-03.jpg\" alt=\"Imagem: Divulga\u00e7\u00e3o | Citro\u00ebn AMI\" class=\"wp-image-8494\" srcset=\"https:\/\/www.disalconsorcio.com.br\/blog\/wp-content\/uploads\/2023\/07\/Citroen-AMI-03.jpg 1160w, https:\/\/www.disalconsorcio.com.br\/blog\/wp-content\/uploads\/2023\/07\/Citroen-AMI-03-862x485.jpg 862w, https:\/\/www.disalconsorcio.com.br\/blog\/wp-content\/uploads\/2023\/07\/Citroen-AMI-03-150x84.jpg 150w, https:\/\/www.disalconsorcio.com.br\/blog\/wp-content\/uploads\/2023\/07\/Citroen-AMI-03-768x432.jpg 768w\" sizes=\"(max-width: 1160px) 100vw, 1160px\" \/><figcaption class=\"wp-element-caption\">Imagem: Divulga\u00e7\u00e3o | Citro\u00ebn AMI <\/figcaption><\/figure><\/div>\n\n\n<h3 class=\"wp-block-heading\">A Disal vai te ajudar a conquistar o seu!<\/h3>\n\n\n\n<p>Com mais de tr\u00eas d\u00e9cadas de atua\u00e7\u00e3o, a&nbsp;<a href=\"https:\/\/www.disalconsorcio.com.br\/\">Disal Cons\u00f3rcio<\/a>&nbsp;j\u00e1 vendeu mais de 1 milh\u00e3o de cotas e est\u00e1 presente em todo o Brasil. Nossa Rede Autorizada formada por mais de 500 pontos de vendas. Confira o parceiro autorizado mais proximo de voc\u00ea <a href=\"https:\/\/www.disalconsorcio.com.br\/rede-autorizada\" target=\"_blank\" rel=\"noreferrer noopener\">aqui<\/a>!<\/p>\n\n\n\n<p>Na\u00a0<a href=\"https:\/\/www.disalconsorcio.com.br\/\">Disal<\/a>\u00a0voc\u00ea adquire sua cota de cons\u00f3rcio para conquistar o seu ve\u00edculo com praticidade e seguran\u00e7a. Em conclus\u00e3o voc\u00ea fica mais pr\u00f3ximo da sua conquista.<\/p>\n\n\n\n<p>Para adquirir sua cota de cons\u00f3rcio&nbsp;<a href=\"https:\/\/www.disalconsorcio.com.br\/\" target=\"_blank\" rel=\"noreferrer noopener\">Disal<\/a>, basta realizar uma simula\u00e7\u00e3o&nbsp;<a href=\"http:\/\/disalconsorcio.com.br\/etapa-1?utm_source=Blog&amp;utm_medium=organico&amp;utm_campaign=blog-organico-conteudo-simula%C3%A7%C3%A3o&amp;guid_campaign=42529de3-8d0c-42cc-ba60-1562457fa993&amp;utm_term=Blog\" target=\"_blank\" rel=\"noreferrer noopener\">clicando aqui<\/a>. Em seguida, um de nossos representantes entrar\u00e1 em contato para dar continuidade ao seu atendimento personalizado.<\/p>\n\n\n\n<p>Acima de tudo, voc\u00ea tem total liberdade para escolher o valor da&nbsp;<a href=\"https:\/\/www.disalconsorcio.com.br\/blog\/voce-entende-a-funcao-da-carta-de-credito\/\" target=\"_blank\" rel=\"noreferrer noopener\">carta de cr\u00e9dito<\/a>&nbsp;e a quantidade de parcelas para a compra do bem desejado.<\/p>\n\n\n\n<p>Portanto n\u00e3o perca tempo e comece agora mesmo a&nbsp;<a href=\"http:\/\/disalconsorcio.com.br\/etapa-1?utm_source=Blog&amp;utm_medium=organico&amp;utm_campaign=blog-organico-conteudo-simula%C3%A7%C3%A3o&amp;guid_campaign=42529de3-8d0c-42cc-ba60-1562457fa993&amp;utm_term=Blog\" target=\"_blank\" rel=\"noreferrer noopener\">planejar sua conquista<\/a>!<\/p>\n\n\n\n<figure class=\"wp-block-image\"><a href=\"https:\/\/www.disalconsorcio.com.br\/etapa-1?utm_source=Blog&amp;utm_medium=organico&amp;utm_campaign=blog-organico-conteudo-simula%C3%A7%C3%A3o&amp;guid_campaign=42529de3-8d0c-42cc-ba60-1562457fa993&amp;utm_term=Blog\" target=\"_blank\" rel=\"noreferrer noopener\"><img decoding=\"async\" src=\"https:\/\/www.disalconsorcio.com.br\/blog\/wp-content\/uploads\/2022\/04\/Banner-Blog-1005-x-200-px-Disal-Cons%C3%B3rcio-970x193.png\" alt=\"simule_agora_2022\" class=\"wp-image-6300\"\/><\/a><\/figure>\n\n\n\n<p><\/p>\n","protected":false},"excerpt":{"rendered":"<p>O Citro\u00ebn AMI foi confirmado para o Brasil e para outros mercados da Am\u00e9rica do Sul, conforme anunciado pelo presidente da Stellantis.<\/p>\n","protected":false},"author":14,"featured_media":8493,"comment_status":"closed","ping_status":"open","sticky":false,"template":"","format":"standard","meta":{"_acf_changed":false,"footnotes":""},"categories":[778,793],"tags":[795,966,867,965,911,311,385,296,863,803],"acf":[],"yoast_head":"<!-- This site is optimized with the Yoast SEO plugin v22.8 - https:\/\/yoast.com\/wordpress\/plugins\/seo\/ -->\r\n<title>Citro\u00ebn AMI chegar\u00e1 ao Brasil com pre\u00e7o abaixo dos R$ 100 mil<\/title>\r\n<meta name=\"description\" content=\"O Citro\u00ebn AMI foi confirmado para o Brasil e para outros mercados da Am\u00e9rica do Sul, conforme anunciado pelo presidente da Stellantis.\" \/>\r\n<meta name=\"robots\" content=\"index, follow, max-snippet:-1, max-image-preview:large, max-video-preview:-1\" \/>\r\n<link rel=\"canonical\" href=\"https:\/\/www.disalconsorcio.com.br\/blog\/citroen-ami\/\" \/>\r\n<meta property=\"og:locale\" content=\"pt_BR\" \/>\r\n<meta property=\"og:type\" content=\"article\" \/>\r\n<meta property=\"og:title\" content=\"Citro\u00ebn AMI chegar\u00e1 ao Brasil com pre\u00e7o abaixo dos R$ 100 mil\" \/>\r\n<meta property=\"og:description\" content=\"O Citro\u00ebn AMI foi confirmado para o Brasil e para outros mercados da Am\u00e9rica do Sul, conforme anunciado pelo presidente da Stellantis.\" \/>\r\n<meta property=\"og:url\" content=\"https:\/\/www.disalconsorcio.com.br\/blog\/citroen-ami\/\" \/>\r\n<meta property=\"og:site_name\" content=\"Blog Disal Cons\u00f3rcio\" \/>\r\n<meta property=\"article:publisher\" content=\"http:\/\/facebook.com\/DisalConsorcioOficial\" \/>\r\n<meta property=\"article:published_time\" content=\"2023-08-14T05:00:00+00:00\" \/>\r\n<meta property=\"article:modified_time\" content=\"2023-08-24T16:58:37+00:00\" \/>\r\n<meta property=\"og:image\" content=\"https:\/\/www.disalconsorcio.com.br\/blog\/wp-content\/uploads\/2023\/07\/Citroen-AMI-01.jpg\" \/>\r\n\t<meta property=\"og:image:width\" content=\"1160\" \/>\r\n\t<meta property=\"og:image:height\" content=\"653\" \/>\r\n\t<meta property=\"og:image:type\" content=\"image\/jpeg\" \/>\r\n<meta name=\"author\" content=\"Angela Cavalcanti\" \/>\r\n<meta name=\"twitter:card\" content=\"summary_large_image\" \/>\r\n<meta name=\"twitter:label1\" content=\"Escrito por\" \/>\n\t<meta name=\"twitter:data1\" content=\"Angela Cavalcanti\" \/>\n\t<meta name=\"twitter:label2\" content=\"Est. tempo de leitura\" \/>\n\t<meta name=\"twitter:data2\" content=\"5 minutos\" \/>\r\n<script type=\"application\/ld+json\" class=\"yoast-schema-graph\">{\"@context\":\"https:\/\/schema.org\",\"@graph\":[{\"@type\":\"Article\",\"@id\":\"https:\/\/www.disalconsorcio.com.br\/blog\/citroen-ami\/#article\",\"isPartOf\":{\"@id\":\"https:\/\/www.disalconsorcio.com.br\/blog\/citroen-ami\/\"},\"author\":{\"name\":\"Angela Cavalcanti\",\"@id\":\"https:\/\/www.disalconsorcio.com.br\/blog\/#\/schema\/person\/8c47fdecda258f66a16a9c13c0d5e0e6\"},\"headline\":\"Citro\u00ebn AMI chegar\u00e1 ao Brasil com pre\u00e7o abaixo dos R$ 100 mil\",\"datePublished\":\"2023-08-14T05:00:00+00:00\",\"dateModified\":\"2023-08-24T16:58:37+00:00\",\"mainEntityOfPage\":{\"@id\":\"https:\/\/www.disalconsorcio.com.br\/blog\/citroen-ami\/\"},\"wordCount\":716,\"publisher\":{\"@id\":\"https:\/\/www.disalconsorcio.com.br\/blog\/#organization\"},\"image\":{\"@id\":\"https:\/\/www.disalconsorcio.com.br\/blog\/citroen-ami\/#primaryimage\"},\"thumbnailUrl\":\"https:\/\/www.disalconsorcio.com.br\/blog\/wp-content\/uploads\/2023\/07\/Citroen-AMI-01.jpg\",\"keywords\":[\"2023\",\"AMI\",\"Citro\u00ebn\",\"Citro\u00ebn AMI\",\"Compacto\",\"cons\u00f3rcio Disal\",\"disal\",\"disal cons\u00f3rcio\",\"El\u00e9tricos\",\"Not\u00edcias\"],\"articleSection\":[\"El\u00e9tricos\",\"Outras marcas\"],\"inLanguage\":\"pt-BR\"},{\"@type\":\"WebPage\",\"@id\":\"https:\/\/www.disalconsorcio.com.br\/blog\/citroen-ami\/\",\"url\":\"https:\/\/www.disalconsorcio.com.br\/blog\/citroen-ami\/\",\"name\":\"Citro\u00ebn AMI chegar\u00e1 ao Brasil com pre\u00e7o abaixo dos R$ 100 mil\",\"isPartOf\":{\"@id\":\"https:\/\/www.disalconsorcio.com.br\/blog\/#website\"},\"primaryImageOfPage\":{\"@id\":\"https:\/\/www.disalconsorcio.com.br\/blog\/citroen-ami\/#primaryimage\"},\"image\":{\"@id\":\"https:\/\/www.disalconsorcio.com.br\/blog\/citroen-ami\/#primaryimage\"},\"thumbnailUrl\":\"https:\/\/www.disalconsorcio.com.br\/blog\/wp-content\/uploads\/2023\/07\/Citroen-AMI-01.jpg\",\"datePublished\":\"2023-08-14T05:00:00+00:00\",\"dateModified\":\"2023-08-24T16:58:37+00:00\",\"description\":\"O Citro\u00ebn AMI foi confirmado para o Brasil e para outros mercados da Am\u00e9rica do Sul, conforme anunciado pelo presidente da Stellantis.\",\"breadcrumb\":{\"@id\":\"https:\/\/www.disalconsorcio.com.br\/blog\/citroen-ami\/#breadcrumb\"},\"inLanguage\":\"pt-BR\",\"potentialAction\":[{\"@type\":\"ReadAction\",\"target\":[\"https:\/\/www.disalconsorcio.com.br\/blog\/citroen-ami\/\"]}]},{\"@type\":\"ImageObject\",\"inLanguage\":\"pt-BR\",\"@id\":\"https:\/\/www.disalconsorcio.com.br\/blog\/citroen-ami\/#primaryimage\",\"url\":\"https:\/\/www.disalconsorcio.com.br\/blog\/wp-content\/uploads\/2023\/07\/Citroen-AMI-01.jpg\",\"contentUrl\":\"https:\/\/www.disalconsorcio.com.br\/blog\/wp-content\/uploads\/2023\/07\/Citroen-AMI-01.jpg\",\"width\":1160,\"height\":653,\"caption\":\"Imagem: Divulga\u00e7\u00e3o | Citro\u00ebn AMI\"},{\"@type\":\"BreadcrumbList\",\"@id\":\"https:\/\/www.disalconsorcio.com.br\/blog\/citroen-ami\/#breadcrumb\",\"itemListElement\":[{\"@type\":\"ListItem\",\"position\":1,\"name\":\"In\u00edcio\",\"item\":\"https:\/\/www.disalconsorcio.com.br\/blog\/\"},{\"@type\":\"ListItem\",\"position\":2,\"name\":\"Citro\u00ebn AMI chegar\u00e1 ao Brasil com pre\u00e7o abaixo dos R$ 100 mil\"}]},{\"@type\":\"WebSite\",\"@id\":\"https:\/\/www.disalconsorcio.com.br\/blog\/#website\",\"url\":\"https:\/\/www.disalconsorcio.com.br\/blog\/\",\"name\":\"Blog Disal Cons\u00f3rcio\",\"description\":\"D\u00favidas e novidades\",\"publisher\":{\"@id\":\"https:\/\/www.disalconsorcio.com.br\/blog\/#organization\"},\"potentialAction\":[{\"@type\":\"SearchAction\",\"target\":{\"@type\":\"EntryPoint\",\"urlTemplate\":\"https:\/\/www.disalconsorcio.com.br\/blog\/?s={search_term_string}\"},\"query-input\":\"required name=search_term_string\"}],\"inLanguage\":\"pt-BR\"},{\"@type\":\"Organization\",\"@id\":\"https:\/\/www.disalconsorcio.com.br\/blog\/#organization\",\"name\":\"Blog Disal Cons\u00f3rcio\",\"url\":\"https:\/\/www.disalconsorcio.com.br\/blog\/\",\"logo\":{\"@type\":\"ImageObject\",\"inLanguage\":\"pt-BR\",\"@id\":\"https:\/\/www.disalconsorcio.com.br\/blog\/#\/schema\/logo\/image\/\",\"url\":\"https:\/\/www.disalconsorcio.com.br\/blog\/wp-content\/uploads\/2023\/02\/logo-D-02-GG.png\",\"contentUrl\":\"https:\/\/www.disalconsorcio.com.br\/blog\/wp-content\/uploads\/2023\/02\/logo-D-02-GG.png\",\"width\":1200,\"height\":1060,\"caption\":\"Blog Disal Cons\u00f3rcio\"},\"image\":{\"@id\":\"https:\/\/www.disalconsorcio.com.br\/blog\/#\/schema\/logo\/image\/\"},\"sameAs\":[\"http:\/\/facebook.com\/DisalConsorcioOficial\",\"http:\/\/instagram.com\/disalconsorciooficial\",\"https:\/\/www.linkedin.com\/company\/disal-administradora-de-consrcios\",\"https:\/\/www.youtube.com\/DisalOficial\"]},{\"@type\":\"Person\",\"@id\":\"https:\/\/www.disalconsorcio.com.br\/blog\/#\/schema\/person\/8c47fdecda258f66a16a9c13c0d5e0e6\",\"name\":\"Angela Cavalcanti\"}]}<\/script>\r\n<!-- \/ Yoast SEO plugin. -->","yoast_head_json":{"title":"Citro\u00ebn AMI chegar\u00e1 ao Brasil com pre\u00e7o abaixo dos R$ 100 mil","description":"O Citro\u00ebn AMI foi confirmado para o Brasil e para outros mercados da Am\u00e9rica do Sul, conforme anunciado pelo presidente da Stellantis.","robots":{"index":"index","follow":"follow","max-snippet":"max-snippet:-1","max-image-preview":"max-image-preview:large","max-video-preview":"max-video-preview:-1"},"canonical":"https:\/\/www.disalconsorcio.com.br\/blog\/citroen-ami\/","og_locale":"pt_BR","og_type":"article","og_title":"Citro\u00ebn AMI chegar\u00e1 ao Brasil com pre\u00e7o abaixo dos R$ 100 mil","og_description":"O Citro\u00ebn AMI foi confirmado para o Brasil e para outros mercados da Am\u00e9rica do Sul, conforme anunciado pelo presidente da Stellantis.","og_url":"https:\/\/www.disalconsorcio.com.br\/blog\/citroen-ami\/","og_site_name":"Blog Disal Cons\u00f3rcio","article_publisher":"http:\/\/facebook.com\/DisalConsorcioOficial","article_published_time":"2023-08-14T05:00:00+00:00","article_modified_time":"2023-08-24T16:58:37+00:00","og_image":[{"width":1160,"height":653,"url":"https:\/\/www.disalconsorcio.com.br\/blog\/wp-content\/uploads\/2023\/07\/Citroen-AMI-01.jpg","type":"image\/jpeg"}],"author":"Angela Cavalcanti","twitter_card":"summary_large_image","twitter_misc":{"Escrito por":"Angela Cavalcanti","Est. tempo de leitura":"5 minutos"},"schema":{"@context":"https:\/\/schema.org","@graph":[{"@type":"Article","@id":"https:\/\/www.disalconsorcio.com.br\/blog\/citroen-ami\/#article","isPartOf":{"@id":"https:\/\/www.disalconsorcio.com.br\/blog\/citroen-ami\/"},"author":{"name":"Angela Cavalcanti","@id":"https:\/\/www.disalconsorcio.com.br\/blog\/#\/schema\/person\/8c47fdecda258f66a16a9c13c0d5e0e6"},"headline":"Citro\u00ebn AMI chegar\u00e1 ao Brasil com pre\u00e7o abaixo dos R$ 100 mil","datePublished":"2023-08-14T05:00:00+00:00","dateModified":"2023-08-24T16:58:37+00:00","mainEntityOfPage":{"@id":"https:\/\/www.disalconsorcio.com.br\/blog\/citroen-ami\/"},"wordCount":716,"publisher":{"@id":"https:\/\/www.disalconsorcio.com.br\/blog\/#organization"},"image":{"@id":"https:\/\/www.disalconsorcio.com.br\/blog\/citroen-ami\/#primaryimage"},"thumbnailUrl":"https:\/\/www.disalconsorcio.com.br\/blog\/wp-content\/uploads\/2023\/07\/Citroen-AMI-01.jpg","keywords":["2023","AMI","Citro\u00ebn","Citro\u00ebn AMI","Compacto","cons\u00f3rcio Disal","disal","disal cons\u00f3rcio","El\u00e9tricos","Not\u00edcias"],"articleSection":["El\u00e9tricos","Outras marcas"],"inLanguage":"pt-BR"},{"@type":"WebPage","@id":"https:\/\/www.disalconsorcio.com.br\/blog\/citroen-ami\/","url":"https:\/\/www.disalconsorcio.com.br\/blog\/citroen-ami\/","name":"Citro\u00ebn AMI chegar\u00e1 ao Brasil com pre\u00e7o abaixo dos R$ 100 mil","isPartOf":{"@id":"https:\/\/www.disalconsorcio.com.br\/blog\/#website"},"primaryImageOfPage":{"@id":"https:\/\/www.disalconsorcio.com.br\/blog\/citroen-ami\/#primaryimage"},"image":{"@id":"https:\/\/www.disalconsorcio.com.br\/blog\/citroen-ami\/#primaryimage"},"thumbnailUrl":"https:\/\/www.disalconsorcio.com.br\/blog\/wp-content\/uploads\/2023\/07\/Citroen-AMI-01.jpg","datePublished":"2023-08-14T05:00:00+00:00","dateModified":"2023-08-24T16:58:37+00:00","description":"O Citro\u00ebn AMI foi confirmado para o Brasil e para outros mercados da Am\u00e9rica do Sul, conforme anunciado pelo presidente da Stellantis.","breadcrumb":{"@id":"https:\/\/www.disalconsorcio.com.br\/blog\/citroen-ami\/#breadcrumb"},"inLanguage":"pt-BR","potentialAction":[{"@type":"ReadAction","target":["https:\/\/www.disalconsorcio.com.br\/blog\/citroen-ami\/"]}]},{"@type":"ImageObject","inLanguage":"pt-BR","@id":"https:\/\/www.disalconsorcio.com.br\/blog\/citroen-ami\/#primaryimage","url":"https:\/\/www.disalconsorcio.com.br\/blog\/wp-content\/uploads\/2023\/07\/Citroen-AMI-01.jpg","contentUrl":"https:\/\/www.disalconsorcio.com.br\/blog\/wp-content\/uploads\/2023\/07\/Citroen-AMI-01.jpg","width":1160,"height":653,"caption":"Imagem: Divulga\u00e7\u00e3o | Citro\u00ebn AMI"},{"@type":"BreadcrumbList","@id":"https:\/\/www.disalconsorcio.com.br\/blog\/citroen-ami\/#breadcrumb","itemListElement":[{"@type":"ListItem","position":1,"name":"In\u00edcio","item":"https:\/\/www.disalconsorcio.com.br\/blog\/"},{"@type":"ListItem","position":2,"name":"Citro\u00ebn AMI chegar\u00e1 ao Brasil com pre\u00e7o abaixo dos R$ 100 mil"}]},{"@type":"WebSite","@id":"https:\/\/www.disalconsorcio.com.br\/blog\/#website","url":"https:\/\/www.disalconsorcio.com.br\/blog\/","name":"Blog Disal Cons\u00f3rcio","description":"D\u00favidas e novidades","publisher":{"@id":"https:\/\/www.disalconsorcio.com.br\/blog\/#organization"},"potentialAction":[{"@type":"SearchAction","target":{"@type":"EntryPoint","urlTemplate":"https:\/\/www.disalconsorcio.com.br\/blog\/?s={search_term_string}"},"query-input":"required name=search_term_string"}],"inLanguage":"pt-BR"},{"@type":"Organization","@id":"https:\/\/www.disalconsorcio.com.br\/blog\/#organization","name":"Blog Disal Cons\u00f3rcio","url":"https:\/\/www.disalconsorcio.com.br\/blog\/","logo":{"@type":"ImageObject","inLanguage":"pt-BR","@id":"https:\/\/www.disalconsorcio.com.br\/blog\/#\/schema\/logo\/image\/","url":"https:\/\/www.disalconsorcio.com.br\/blog\/wp-content\/uploads\/2023\/02\/logo-D-02-GG.png","contentUrl":"https:\/\/www.disalconsorcio.com.br\/blog\/wp-content\/uploads\/2023\/02\/logo-D-02-GG.png","width":1200,"height":1060,"caption":"Blog Disal Cons\u00f3rcio"},"image":{"@id":"https:\/\/www.disalconsorcio.com.br\/blog\/#\/schema\/logo\/image\/"},"sameAs":["http:\/\/facebook.com\/DisalConsorcioOficial","http:\/\/instagram.com\/disalconsorciooficial","https:\/\/www.linkedin.com\/company\/disal-administradora-de-consrcios","https:\/\/www.youtube.com\/DisalOficial"]},{"@type":"Person","@id":"https:\/\/www.disalconsorcio.com.br\/blog\/#\/schema\/person\/8c47fdecda258f66a16a9c13c0d5e0e6","name":"Angela Cavalcanti"}]}},"_links":{"self":[{"href":"https:\/\/www.disalconsorcio.com.br\/blog\/wp-json\/wp\/v2\/posts\/8491"}],"collection":[{"href":"https:\/\/www.disalconsorcio.com.br\/blog\/wp-json\/wp\/v2\/posts"}],"about":[{"href":"https:\/\/www.disalconsorcio.com.br\/blog\/wp-json\/wp\/v2\/types\/post"}],"author":[{"embeddable":true,"href":"https:\/\/www.disalconsorcio.com.br\/blog\/wp-json\/wp\/v2\/users\/14"}],"replies":[{"embeddable":true,"href":"https:\/\/www.disalconsorcio.com.br\/blog\/wp-json\/wp\/v2\/comments?post=8491"}],"version-history":[{"count":4,"href":"https:\/\/www.disalconsorcio.com.br\/blog\/wp-json\/wp\/v2\/posts\/8491\/revisions"}],"predecessor-version":[{"id":8736,"href":"https:\/\/www.disalconsorcio.com.br\/blog\/wp-json\/wp\/v2\/posts\/8491\/revisions\/8736"}],"wp:featuredmedia":[{"embeddable":true,"href":"https:\/\/www.disalconsorcio.com.br\/blog\/wp-json\/wp\/v2\/media\/8493"}],"wp:attachment":[{"href":"https:\/\/www.disalconsorcio.com.br\/blog\/wp-json\/wp\/v2\/media?parent=8491"}],"wp:term":[{"taxonomy":"category","embeddable":true,"href":"https:\/\/www.disalconsorcio.com.br\/blog\/wp-json\/wp\/v2\/categories?post=8491"},{"taxonomy":"post_tag","embeddable":true,"href":"https:\/\/www.disalconsorcio.com.br\/blog\/wp-json\/wp\/v2\/tags?post=8491"}],"curies":[{"name":"wp","href":"https:\/\/api.w.org\/{rel}","templated":true}]}}