{"id":9196,"date":"2025-03-02T14:27:55","date_gmt":"2025-03-02T14:27:55","guid":{"rendered":"https:\/\/www.disalconsorcio.com.br\/blog\/?p=9196"},"modified":"2025-05-08T20:23:47","modified_gmt":"2025-05-08T20:23:47","slug":"5-camionetes-que-serao-lancadas-no-brasil-em-2025","status":"publish","type":"post","link":"https:\/\/www.disalconsorcio.com.br\/blog\/5-camionetes-que-serao-lancadas-no-brasil-em-2025\/","title":{"rendered":"5 Camionetes Que Ser\u00e3o Lan\u00e7adas no Brasil em 2025"},"content":{"rendered":"<p><span style=\"font-weight: 400;\"><strong>Camionetes Que Ser\u00e3o Lan\u00e7adas no Brasil em 2025.<\/strong> Em 2025, o mercado de picapes no Brasil ganha novidades importantes, com modelos que prometem mais desempenho, tecnologia e versatilidade. As montadoras preparam lan\u00e7amentos para atender tanto quem busca for\u00e7a e capacidade de carga quanto quem prioriza conforto e efici\u00eancia. A seguir, conhe\u00e7a <\/span><b>cinco camionetes que ser\u00e3o lan\u00e7adas no Brasil ainda esse ano<\/b><span style=\"font-weight: 400;\">.<\/span><\/p>\n<h2><b>Chevrolet Silverado 2025<\/b><\/h2>\n<figure id=\"attachment_9202\" aria-describedby=\"caption-attachment-9202\" style=\"width: 1034px\" class=\"wp-caption aligncenter\"><img loading=\"lazy\" decoding=\"async\" class=\"wp-image-9202\" src=\"https:\/\/www.disalconsorcio.com.br\/blog\/wp-content\/uploads\/2025\/02\/silverado9_22112024_81487_1280_960.jpg\" alt=\"Chevrolet Silverado 2025\" width=\"1034\" height=\"776\" \/><figcaption id=\"caption-attachment-9202\" class=\"wp-caption-text\">Chevrolet Silverado\/ Foto\/Divulga\u00e7\u00e3o<\/figcaption><\/figure>\n<p><span style=\"font-weight: 400;\">A Chevrolet prepara o lan\u00e7amento da <\/span><a href=\"https:\/\/autoesporte.globo.com\/carros\/lancamentos-de-carros\/noticia\/2025\/01\/caminhonetes-picapes-lancadas-brasil-2025.ghtml\"><b>Silverado 2025<\/b><\/a><span style=\"font-weight: 400;\"> no Brasil, trazendo pequenas atualiza\u00e7\u00f5es no design e a possibilidade de uma vers\u00e3o el\u00e9trica. O modelo recebe mudan\u00e7as na dianteira, com novos far\u00f3is, grade redesenhada e para-choque modificado.<\/span><\/p>\n<p><span style=\"font-weight: 400;\">No conjunto mec\u00e2nico, mant\u00e9m o motor V8 5.3 aspirado, com 360 cv de pot\u00eancia, aliado \u00e0 transmiss\u00e3o autom\u00e1tica de 10 marchas. A novidade mais aguardada, no entanto, \u00e9 a poss\u00edvel chegada da Silverado EV, ampliando as op\u00e7\u00f5es para quem busca uma picape el\u00e9trica sem abrir m\u00e3o de desempenho e capacidade de carga.<\/span><\/p>\n<h2><b>Ford F-150 Tremor<\/b><\/h2>\n<figure id=\"attachment_9198\" aria-describedby=\"caption-attachment-9198\" style=\"width: 1034px\" class=\"wp-caption aligncenter\"><img loading=\"lazy\" decoding=\"async\" class=\"wp-image-9198\" src=\"https:\/\/www.disalconsorcio.com.br\/blog\/wp-content\/uploads\/2025\/02\/Ford_F-150_2024-scaled-1.jpg\" alt=\"F-150 Tremor\" width=\"1034\" height=\"600\" \/><figcaption id=\"caption-attachment-9198\" class=\"wp-caption-text\">F-150 Tremor\/Foto\/Divulga\u00e7\u00e3o<\/figcaption><\/figure>\n<p><span style=\"font-weight: 400;\">A Ford poder\u00e1 expandir sua linha de picapes no Brasil com a chegada da <\/span><a href=\"https:\/\/www.terra.com.br\/mobilidade\/carros\/confira-5-picapes-para-ficar-de-olho-no-brasil-em-2025,a543374c122732c3b1baf68bce4285fazarpktef.html\"><b>F-150 Tremor,<\/b><\/a><span style=\"font-weight: 400;\"> uma vers\u00e3o voltada para o off-road, que combina design exclusivo e melhorias mec\u00e2nicas para enfrentar terrenos desafiadores. O modelo se diferencia pelo visual mais agressivo, com para-choques redesenhados, emblemas escurecidos e um conjunto de rodas e pneus preparados para trilhas.<\/span><\/p>\n<p><span style=\"font-weight: 400;\">Al\u00e9m da est\u00e9tica, a Tremor traz ajustes na suspens\u00e3o para melhorar o desempenho fora de estrada, incluindo um maior curso dos amortecedores e refor\u00e7os estruturais no chassi. Sob o cap\u00f4, a expectativa \u00e9 que mantenha o motor V8 Coyote 5.0, o mesmo utilizado no Mustang, oferecendo pot\u00eancia e torque robustos para quem busca for\u00e7a e resist\u00eancia em qualquer tipo de terreno.<\/span><\/p>\n<h2><b>Fiat Toro 2025<\/b><\/h2>\n<figure id=\"attachment_9199\" aria-describedby=\"caption-attachment-9199\" style=\"width: 1034px\" class=\"wp-caption aligncenter\"><img loading=\"lazy\" decoding=\"async\" class=\"wp-image-9199\" src=\"https:\/\/www.disalconsorcio.com.br\/blog\/wp-content\/uploads\/2025\/02\/b06133d4f7632a2e4502eb56c4ebcb8da71a01d0.jpeg\" alt=\"Fiat Toro\" width=\"1034\" height=\"654\" \/><figcaption id=\"caption-attachment-9199\" class=\"wp-caption-text\">Fiat Toro\/Foto\/Divulga\u00e7\u00e3o<\/figcaption><\/figure>\n<p><span style=\"font-weight: 400;\">A<\/span><a href=\"https:\/\/www.terra.com.br\/mobilidade\/carros\/confira-5-picapes-para-ficar-de-olho-no-brasil-em-2025,a543374c122732c3b1baf68bce4285fazarpktef.html\"> <b>Fiat Toro<\/b><\/a><span style=\"font-weight: 400;\"> passar\u00e1 por atualiza\u00e7\u00f5es importantes em 2025, trazendo novidades mec\u00e2nicas e tecnol\u00f3gicas para se manter competitiva no segmento. A principal mudan\u00e7a ser\u00e1 a introdu\u00e7\u00e3o do motor 2.2 turbodiesel da fam\u00edlia Multijet II, j\u00e1 utilizado na Ram Rampage. Esse propulsor entrega 200 cv de pot\u00eancia e 45,5 kgfm de torque, garantindo mais for\u00e7a para o uso tanto urbano quanto off-road, al\u00e9m de maior efici\u00eancia no consumo de combust\u00edvel.<\/span><\/p>\n<p><span style=\"font-weight: 400;\">Outra grande aposta da Fiat para a Toro \u00e9 a poss\u00edvel chegada de vers\u00f5es h\u00edbridas, combinando o motor 1.3 turbo flex com um sistema de eletrifica\u00e7\u00e3o leve. Essa configura\u00e7\u00e3o poder\u00e1 reduzir o consumo e as emiss\u00f5es, seguindo a tend\u00eancia de eletrifica\u00e7\u00e3o no mercado automotivo.<\/span><\/p>\n<h2><b>GWM Poer<\/b><\/h2>\n<figure id=\"attachment_9200\" aria-describedby=\"caption-attachment-9200\" style=\"width: 1034px\" class=\"wp-caption aligncenter\"><img loading=\"lazy\" decoding=\"async\" class=\"wp-image-9200\" src=\"https:\/\/www.disalconsorcio.com.br\/blog\/wp-content\/uploads\/2025\/02\/gwm9_31012025_82314_1280_960.jpg\" alt=\"GWM Poer\" width=\"1034\" height=\"776\" \/><figcaption id=\"caption-attachment-9200\" class=\"wp-caption-text\">GWM Poer\/ Foto\/Divulga\u00e7\u00e3o<\/figcaption><\/figure>\n<p><span style=\"font-weight: 400;\">A <\/span><a href=\"https:\/\/autoesporte.globo.com\/carros\/lancamentos-de-carros\/noticia\/2025\/01\/caminhonetes-picapes-lancadas-brasil-2025.ghtml\"><b>GWM Poer <\/b><\/a><span style=\"font-weight: 400;\">deveria ter chegado ao Brasil h\u00e1 algum tempo, mas seu lan\u00e7amento foi adiado. Inicialmente, a montadora planejava iniciar a produ\u00e7\u00e3o local em Iracem\u00e1polis (SP) em maio de 2024, por\u00e9m, mudan\u00e7as na tributa\u00e7\u00e3o de ve\u00edculos h\u00edbridos e el\u00e9tricos importados, somadas a desafios na aceita\u00e7\u00e3o do modelo por consumidores e concession\u00e1rios, levaram ao adiamento do cronograma. Agora, a estreia est\u00e1 prevista para o \u00faltimo trimestre de 2025, <\/span><a href=\"https:\/\/autoesporte.globo.com\/carros\/segredos-e-flagras\/noticia\/2024\/04\/gwm-poer-nova-data-lancamento-bateria-gigante.ghtml\"><span style=\"font-weight: 400;\">conforme revelado pela Autoesporte.<\/span><\/a><\/p>\n<p><span style=\"font-weight: 400;\">Quando finalmente chegar ao mercado, a picape trar\u00e1 um conjunto mec\u00e2nico h\u00edbrido plug-in flex, que, na \u00c1sia, entrega 408 cv de pot\u00eancia e 76,5 kgfm de torque. A grande promessa do modelo ser\u00e1 sua autonomia combinada superior \u00e0 de picapes a diesel. Podendo dessa maneira, alcan\u00e7ar entre 800 km e 1.000 km, sem risco de a bateria el\u00e9trica se esgotar abruptamente.<\/span><\/p>\n<p><span style=\"font-weight: 400;\">Al\u00e9m da motoriza\u00e7\u00e3o avan\u00e7ada, a GWM Poer passar\u00e1 por um redesenho profundo, distanciando-se do modelo testado anteriormente na China. Pois, as mudan\u00e7as devem incluir um novo design externo, melhorias no acabamento interno e atualiza\u00e7\u00f5es tecnol\u00f3gicas para competir de forma mais direta com as principais rivais do segmento no Brasil.<\/span><\/p>\n<h2><b>Riddara RD6<\/b><\/h2>\n<figure id=\"attachment_9201\" aria-describedby=\"caption-attachment-9201\" style=\"width: 1034px\" class=\"wp-caption aligncenter\"><img loading=\"lazy\" decoding=\"async\" class=\"wp-image-9201\" src=\"https:\/\/www.disalconsorcio.com.br\/blog\/wp-content\/uploads\/2025\/02\/geely_riddara-rd6_2025_1_25112024_81543_1280_960.jpg\" alt=\"Riddara RD6\" width=\"1034\" height=\"776\" \/><figcaption id=\"caption-attachment-9201\" class=\"wp-caption-text\">Riddara RD6\/Foto\/Divulga\u00e7\u00e3o<\/figcaption><\/figure>\n<p><span style=\"font-weight: 400;\">A Riddara, marca pertencente ao grupo Geely, est\u00e1 prestes a entrar no segmento de picapes m\u00e9dias no Brasil com a <\/span><a href=\"https:\/\/www.vrum.com.br\/aceleradas\/2025\/01\/7039603-picapes-veja-5-novidades-que-chegam-ao-brasil-em-2025.html#google_vignette\"><b>RD6<\/b><\/a><span style=\"font-weight: 400;\">, um modelo totalmente el\u00e9trico que promete inova\u00e7\u00e3o e um posicionamento diferenciado no mercado. Pois, a picape chegar\u00e1 em duas vers\u00f5es: Standard, com pre\u00e7o inicial de R$ 249.990, e Luxury, oferecida por R$ 315.990.<\/span><\/p>\n<p><span style=\"font-weight: 400;\">Seu conjunto mec\u00e2nico inclui um motor 100% el\u00e9trico posicionado no eixo traseiro, capaz de entregar 272 cv de pot\u00eancia e 39,1 kgfm de torque. Al\u00e9m do desempenho, a RD6 se destaca pelo porte avantajado. Superando assim em dimens\u00f5es algumas concorrentes diretas, como a Ford Maverick e a Ram Rampage, o que pode atrair consumidores que precisam de mais espa\u00e7o e robustez.<\/span><\/p>\n<p><b>Disal Administradora de Cons\u00f3rcios<\/b><\/p>\n<p><span style=\"font-weight: 400;\">Se voc\u00ea est\u00e1 pensando em comprar seu pr\u00f3ximo ve\u00edculo e busca uma alternativa sem juros, o cons\u00f3rcio pode ser a melhor op\u00e7\u00e3o. Com ele, voc\u00ea planeja sua compra de forma organizada, sem comprometer seu or\u00e7amento.<\/span><\/p>\n<p><span style=\"font-weight: 400;\">Fa\u00e7a agora mesmo uma simula\u00e7\u00e3o da sua carta de cr\u00e9dito e descubra as melhores condi\u00e7\u00f5es para conquistar o carro dos seus sonhos. O processo \u00e9 100% online, simples e r\u00e1pido. Portanto, <\/span><a href=\"https:\/\/www.disalconsorcio.com.br\/simulacao\"><b>clique aqui e veja como \u00e9 f\u00e1cil dar o primeiro passo!<\/b><\/a><\/p>\n<p>&nbsp;<\/p>\n<p><b>Leitura recomendada: <\/b><a href=\"https:\/\/www.disalconsorcio.com.br\/blog\/principais-lancamentos-da-hyundai-para-2025-no-brasil\/\"><b><i>Principais Lan\u00e7amentos da Hyundai Para 2025 no Brasil<\/i><\/b><\/a><\/p>\n<p>&nbsp;<\/p>\n<p><b>Fontes:\u00a0<\/b><\/p>\n<p><span style=\"font-weight: 400;\">Vrum: <\/span><a href=\"https:\/\/www.vrum.com.br\/aceleradas\/2025\/01\/7039603-picapes-veja-5-novidades-que-chegam-ao-brasil-em-2025.html#google_vignette\"><span style=\"font-weight: 400;\">https:\/\/www.vrum.com.br\/aceleradas\/2025\/01\/7039603-picapes-veja-5-novidades-que-chegam-ao-brasil-em-2025.html#google_vignette<\/span><\/a><\/p>\n<p><span style=\"font-weight: 400;\">Auto Esporte:\u00a0<\/span><\/p>\n<p><a href=\"https:\/\/autoesporte.globo.com\/carros\/segredos-e-flagras\/noticia\/2024\/04\/gwm-poer-nova-data-lancamento-bateria-gigante.ghtml\"><span style=\"font-weight: 400;\">https:\/\/autoesporte.globo.com\/carros\/segredos-e-flagras\/noticia\/2024\/04\/gwm-poer-nova-data-lancamento-bateria-gigante.ghtml<\/span><\/a><\/p>\n<p><a href=\"https:\/\/autoesporte.globo.com\/carros\/lancamentos-de-carros\/noticia\/2025\/01\/caminhonetes-picapes-lancadas-brasil-2025.ghtml\"><span style=\"font-weight: 400;\">https:\/\/autoesporte.globo.com\/carros\/lancamentos-de-carros\/noticia\/2025\/01\/caminhonetes-picapes-lancadas-brasil-2025.ghtml<\/span><\/a><\/p>\n<p><span style=\"font-weight: 400;\">Terra: <\/span><a href=\"https:\/\/www.terra.com.br\/mobilidade\/carros\/confira-5-picapes-para-ficar-de-olho-no-brasil-em-2025,a543374c122732c3b1baf68bce4285fazarpktef.html\"><span style=\"font-weight: 400;\">https:\/\/www.terra.com.br\/mobilidade\/carros\/confira-5-picapes-para-ficar-de-olho-no-brasil-em-2025,a543374c122732c3b1baf68bce4285fazarpktef.html<\/span><\/a><\/p>\n","protected":false},"excerpt":{"rendered":"<p>Camionetes Que Ser\u00e3o Lan\u00e7adas no Brasil em 2025. Em 2025, o mercado de picapes no Brasil ganha novidades importantes, com modelos que prometem mais desempenho, tecnologia e versatilidade. As montadoras preparam lan\u00e7amentos para atender tanto quem busca for\u00e7a e capacidade de carga quanto quem prioriza conforto e efici\u00eancia. A seguir, conhe\u00e7a cinco camionetes que ser\u00e3o <span class=\"readMore\" style=\"color:#00acc3;\">[&#8230;]<\/span><\/p>\n","protected":false},"author":20,"featured_media":9203,"comment_status":"open","ping_status":"open","sticky":false,"template":"","format":"standard","meta":{"_acf_changed":false,"footnotes":""},"categories":[5],"tags":[1057,1065,1058,1064,1036,385,1060,1063,1061,187,1062,1059],"acf":[],"yoast_head":"<!-- This site is optimized with the Yoast SEO plugin v22.8 - https:\/\/yoast.com\/wordpress\/plugins\/seo\/ -->\r\n<title>5 Camionetes Que Ser\u00e3o Lan\u00e7adas no Brasil em 2025 - Blog Disal Cons\u00f3rcio<\/title>\r\n<meta name=\"description\" content=\"Neste artigo iremos enfatizar as &quot;Camionetes Que Ser\u00e3o Lan\u00e7adas no Brasil em 2025&quot;. Confira os principais lan\u00e7amentos\" \/>\r\n<meta name=\"robots\" content=\"index, follow, max-snippet:-1, max-image-preview:large, max-video-preview:-1\" \/>\r\n<link rel=\"canonical\" href=\"https:\/\/www.disalconsorcio.com.br\/blog\/5-camionetes-que-serao-lancadas-no-brasil-em-2025\/\" \/>\r\n<meta property=\"og:locale\" content=\"pt_BR\" \/>\r\n<meta property=\"og:type\" content=\"article\" \/>\r\n<meta property=\"og:title\" content=\"5 Camionetes Que Ser\u00e3o Lan\u00e7adas no Brasil em 2025 - Blog Disal Cons\u00f3rcio\" \/>\r\n<meta property=\"og:description\" content=\"Neste artigo iremos enfatizar as &quot;Camionetes Que Ser\u00e3o Lan\u00e7adas no Brasil em 2025&quot;. Confira os principais lan\u00e7amentos\" \/>\r\n<meta property=\"og:url\" content=\"https:\/\/www.disalconsorcio.com.br\/blog\/5-camionetes-que-serao-lancadas-no-brasil-em-2025\/\" \/>\r\n<meta property=\"og:site_name\" content=\"Blog Disal Cons\u00f3rcio\" \/>\r\n<meta property=\"article:publisher\" content=\"http:\/\/facebook.com\/DisalConsorcioOficial\" \/>\r\n<meta property=\"article:published_time\" content=\"2025-03-02T14:27:55+00:00\" \/>\r\n<meta property=\"article:modified_time\" content=\"2025-05-08T20:23:47+00:00\" \/>\r\n<meta property=\"og:image\" content=\"https:\/\/www.disalconsorcio.com.br\/blog\/wp-content\/uploads\/2025\/02\/silverado9_22112024_81487_1280_960-1.jpg\" \/>\r\n\t<meta property=\"og:image:width\" content=\"1280\" \/>\r\n\t<meta property=\"og:image:height\" content=\"960\" \/>\r\n\t<meta property=\"og:image:type\" content=\"image\/jpeg\" \/>\r\n<meta name=\"author\" content=\"Blueberry\" \/>\r\n<meta name=\"twitter:card\" content=\"summary_large_image\" \/>\r\n<meta name=\"twitter:label1\" content=\"Escrito por\" \/>\n\t<meta name=\"twitter:data1\" content=\"Blueberry\" \/>\n\t<meta name=\"twitter:label2\" content=\"Est. tempo de leitura\" \/>\n\t<meta name=\"twitter:data2\" content=\"6 minutos\" \/>\r\n<script type=\"application\/ld+json\" class=\"yoast-schema-graph\">{\"@context\":\"https:\/\/schema.org\",\"@graph\":[{\"@type\":\"Article\",\"@id\":\"https:\/\/www.disalconsorcio.com.br\/blog\/5-camionetes-que-serao-lancadas-no-brasil-em-2025\/#article\",\"isPartOf\":{\"@id\":\"https:\/\/www.disalconsorcio.com.br\/blog\/5-camionetes-que-serao-lancadas-no-brasil-em-2025\/\"},\"author\":{\"name\":\"Blueberry\",\"@id\":\"https:\/\/www.disalconsorcio.com.br\/blog\/#\/schema\/person\/dad1b828c43e6259e74eaca89a7950a3\"},\"headline\":\"5 Camionetes Que Ser\u00e3o Lan\u00e7adas no Brasil em 2025\",\"datePublished\":\"2025-03-02T14:27:55+00:00\",\"dateModified\":\"2025-05-08T20:23:47+00:00\",\"mainEntityOfPage\":{\"@id\":\"https:\/\/www.disalconsorcio.com.br\/blog\/5-camionetes-que-serao-lancadas-no-brasil-em-2025\/\"},\"wordCount\":965,\"commentCount\":0,\"publisher\":{\"@id\":\"https:\/\/www.disalconsorcio.com.br\/blog\/#organization\"},\"image\":{\"@id\":\"https:\/\/www.disalconsorcio.com.br\/blog\/5-camionetes-que-serao-lancadas-no-brasil-em-2025\/#primaryimage\"},\"thumbnailUrl\":\"https:\/\/www.disalconsorcio.com.br\/blog\/wp-content\/uploads\/2025\/02\/silverado9_22112024_81487_1280_960-1.jpg\",\"keywords\":[\"5 Camionetes Que Ser\u00e3o Lan\u00e7adas no Brasil em 2025\",\"administradora de Cons\u00f3rcios\",\"carros Lan\u00e7amentos\",\"Chevrolet Silverado\",\"Cons\u00f3rcios\",\"disal\",\"Fiat Toro\",\"Ford 150 Tremor\",\"GWM Poer\",\"lan\u00e7amentos\",\"Riddara R6\",\"Ve\u00edculos Lan\u00e7amento\"],\"articleSection\":[\"Lan\u00e7amento Carros\"],\"inLanguage\":\"pt-BR\",\"potentialAction\":[{\"@type\":\"CommentAction\",\"name\":\"Comment\",\"target\":[\"https:\/\/www.disalconsorcio.com.br\/blog\/5-camionetes-que-serao-lancadas-no-brasil-em-2025\/#respond\"]}]},{\"@type\":\"WebPage\",\"@id\":\"https:\/\/www.disalconsorcio.com.br\/blog\/5-camionetes-que-serao-lancadas-no-brasil-em-2025\/\",\"url\":\"https:\/\/www.disalconsorcio.com.br\/blog\/5-camionetes-que-serao-lancadas-no-brasil-em-2025\/\",\"name\":\"5 Camionetes Que Ser\u00e3o Lan\u00e7adas no Brasil em 2025 - Blog Disal Cons\u00f3rcio\",\"isPartOf\":{\"@id\":\"https:\/\/www.disalconsorcio.com.br\/blog\/#website\"},\"primaryImageOfPage\":{\"@id\":\"https:\/\/www.disalconsorcio.com.br\/blog\/5-camionetes-que-serao-lancadas-no-brasil-em-2025\/#primaryimage\"},\"image\":{\"@id\":\"https:\/\/www.disalconsorcio.com.br\/blog\/5-camionetes-que-serao-lancadas-no-brasil-em-2025\/#primaryimage\"},\"thumbnailUrl\":\"https:\/\/www.disalconsorcio.com.br\/blog\/wp-content\/uploads\/2025\/02\/silverado9_22112024_81487_1280_960-1.jpg\",\"datePublished\":\"2025-03-02T14:27:55+00:00\",\"dateModified\":\"2025-05-08T20:23:47+00:00\",\"description\":\"Neste artigo iremos enfatizar as \\\"Camionetes Que Ser\u00e3o Lan\u00e7adas no Brasil em 2025\\\". Confira os principais lan\u00e7amentos\",\"breadcrumb\":{\"@id\":\"https:\/\/www.disalconsorcio.com.br\/blog\/5-camionetes-que-serao-lancadas-no-brasil-em-2025\/#breadcrumb\"},\"inLanguage\":\"pt-BR\",\"potentialAction\":[{\"@type\":\"ReadAction\",\"target\":[\"https:\/\/www.disalconsorcio.com.br\/blog\/5-camionetes-que-serao-lancadas-no-brasil-em-2025\/\"]}]},{\"@type\":\"ImageObject\",\"inLanguage\":\"pt-BR\",\"@id\":\"https:\/\/www.disalconsorcio.com.br\/blog\/5-camionetes-que-serao-lancadas-no-brasil-em-2025\/#primaryimage\",\"url\":\"https:\/\/www.disalconsorcio.com.br\/blog\/wp-content\/uploads\/2025\/02\/silverado9_22112024_81487_1280_960-1.jpg\",\"contentUrl\":\"https:\/\/www.disalconsorcio.com.br\/blog\/wp-content\/uploads\/2025\/02\/silverado9_22112024_81487_1280_960-1.jpg\",\"width\":1280,\"height\":960,\"caption\":\"5 Camionetes Que Ser\u00e3o Lan\u00e7adas no Brasil em 2025\"},{\"@type\":\"BreadcrumbList\",\"@id\":\"https:\/\/www.disalconsorcio.com.br\/blog\/5-camionetes-que-serao-lancadas-no-brasil-em-2025\/#breadcrumb\",\"itemListElement\":[{\"@type\":\"ListItem\",\"position\":1,\"name\":\"In\u00edcio\",\"item\":\"https:\/\/www.disalconsorcio.com.br\/blog\/\"},{\"@type\":\"ListItem\",\"position\":2,\"name\":\"5 Camionetes Que Ser\u00e3o Lan\u00e7adas no Brasil em 2025\"}]},{\"@type\":\"WebSite\",\"@id\":\"https:\/\/www.disalconsorcio.com.br\/blog\/#website\",\"url\":\"https:\/\/www.disalconsorcio.com.br\/blog\/\",\"name\":\"Blog Disal Cons\u00f3rcio\",\"description\":\"D\u00favidas e novidades\",\"publisher\":{\"@id\":\"https:\/\/www.disalconsorcio.com.br\/blog\/#organization\"},\"potentialAction\":[{\"@type\":\"SearchAction\",\"target\":{\"@type\":\"EntryPoint\",\"urlTemplate\":\"https:\/\/www.disalconsorcio.com.br\/blog\/?s={search_term_string}\"},\"query-input\":\"required name=search_term_string\"}],\"inLanguage\":\"pt-BR\"},{\"@type\":\"Organization\",\"@id\":\"https:\/\/www.disalconsorcio.com.br\/blog\/#organization\",\"name\":\"Blog Disal Cons\u00f3rcio\",\"url\":\"https:\/\/www.disalconsorcio.com.br\/blog\/\",\"logo\":{\"@type\":\"ImageObject\",\"inLanguage\":\"pt-BR\",\"@id\":\"https:\/\/www.disalconsorcio.com.br\/blog\/#\/schema\/logo\/image\/\",\"url\":\"https:\/\/www.disalconsorcio.com.br\/blog\/wp-content\/uploads\/2023\/02\/logo-D-02-GG.png\",\"contentUrl\":\"https:\/\/www.disalconsorcio.com.br\/blog\/wp-content\/uploads\/2023\/02\/logo-D-02-GG.png\",\"width\":1200,\"height\":1060,\"caption\":\"Blog Disal Cons\u00f3rcio\"},\"image\":{\"@id\":\"https:\/\/www.disalconsorcio.com.br\/blog\/#\/schema\/logo\/image\/\"},\"sameAs\":[\"http:\/\/facebook.com\/DisalConsorcioOficial\",\"http:\/\/instagram.com\/disalconsorciooficial\",\"https:\/\/www.linkedin.com\/company\/disal-administradora-de-consrcios\",\"https:\/\/www.youtube.com\/DisalOficial\"]},{\"@type\":\"Person\",\"@id\":\"https:\/\/www.disalconsorcio.com.br\/blog\/#\/schema\/person\/dad1b828c43e6259e74eaca89a7950a3\",\"name\":\"Blueberry\"}]}<\/script>\r\n<!-- \/ Yoast SEO plugin. -->","yoast_head_json":{"title":"5 Camionetes Que Ser\u00e3o Lan\u00e7adas no Brasil em 2025 - Blog Disal Cons\u00f3rcio","description":"Neste artigo iremos enfatizar as \"Camionetes Que Ser\u00e3o Lan\u00e7adas no Brasil em 2025\". Confira os principais lan\u00e7amentos","robots":{"index":"index","follow":"follow","max-snippet":"max-snippet:-1","max-image-preview":"max-image-preview:large","max-video-preview":"max-video-preview:-1"},"canonical":"https:\/\/www.disalconsorcio.com.br\/blog\/5-camionetes-que-serao-lancadas-no-brasil-em-2025\/","og_locale":"pt_BR","og_type":"article","og_title":"5 Camionetes Que Ser\u00e3o Lan\u00e7adas no Brasil em 2025 - Blog Disal Cons\u00f3rcio","og_description":"Neste artigo iremos enfatizar as \"Camionetes Que Ser\u00e3o Lan\u00e7adas no Brasil em 2025\". Confira os principais lan\u00e7amentos","og_url":"https:\/\/www.disalconsorcio.com.br\/blog\/5-camionetes-que-serao-lancadas-no-brasil-em-2025\/","og_site_name":"Blog Disal Cons\u00f3rcio","article_publisher":"http:\/\/facebook.com\/DisalConsorcioOficial","article_published_time":"2025-03-02T14:27:55+00:00","article_modified_time":"2025-05-08T20:23:47+00:00","og_image":[{"width":1280,"height":960,"url":"https:\/\/www.disalconsorcio.com.br\/blog\/wp-content\/uploads\/2025\/02\/silverado9_22112024_81487_1280_960-1.jpg","type":"image\/jpeg"}],"author":"Blueberry","twitter_card":"summary_large_image","twitter_misc":{"Escrito por":"Blueberry","Est. tempo de leitura":"6 minutos"},"schema":{"@context":"https:\/\/schema.org","@graph":[{"@type":"Article","@id":"https:\/\/www.disalconsorcio.com.br\/blog\/5-camionetes-que-serao-lancadas-no-brasil-em-2025\/#article","isPartOf":{"@id":"https:\/\/www.disalconsorcio.com.br\/blog\/5-camionetes-que-serao-lancadas-no-brasil-em-2025\/"},"author":{"name":"Blueberry","@id":"https:\/\/www.disalconsorcio.com.br\/blog\/#\/schema\/person\/dad1b828c43e6259e74eaca89a7950a3"},"headline":"5 Camionetes Que Ser\u00e3o Lan\u00e7adas no Brasil em 2025","datePublished":"2025-03-02T14:27:55+00:00","dateModified":"2025-05-08T20:23:47+00:00","mainEntityOfPage":{"@id":"https:\/\/www.disalconsorcio.com.br\/blog\/5-camionetes-que-serao-lancadas-no-brasil-em-2025\/"},"wordCount":965,"commentCount":0,"publisher":{"@id":"https:\/\/www.disalconsorcio.com.br\/blog\/#organization"},"image":{"@id":"https:\/\/www.disalconsorcio.com.br\/blog\/5-camionetes-que-serao-lancadas-no-brasil-em-2025\/#primaryimage"},"thumbnailUrl":"https:\/\/www.disalconsorcio.com.br\/blog\/wp-content\/uploads\/2025\/02\/silverado9_22112024_81487_1280_960-1.jpg","keywords":["5 Camionetes Que Ser\u00e3o Lan\u00e7adas no Brasil em 2025","administradora de Cons\u00f3rcios","carros Lan\u00e7amentos","Chevrolet Silverado","Cons\u00f3rcios","disal","Fiat Toro","Ford 150 Tremor","GWM Poer","lan\u00e7amentos","Riddara R6","Ve\u00edculos Lan\u00e7amento"],"articleSection":["Lan\u00e7amento Carros"],"inLanguage":"pt-BR","potentialAction":[{"@type":"CommentAction","name":"Comment","target":["https:\/\/www.disalconsorcio.com.br\/blog\/5-camionetes-que-serao-lancadas-no-brasil-em-2025\/#respond"]}]},{"@type":"WebPage","@id":"https:\/\/www.disalconsorcio.com.br\/blog\/5-camionetes-que-serao-lancadas-no-brasil-em-2025\/","url":"https:\/\/www.disalconsorcio.com.br\/blog\/5-camionetes-que-serao-lancadas-no-brasil-em-2025\/","name":"5 Camionetes Que Ser\u00e3o Lan\u00e7adas no Brasil em 2025 - Blog Disal Cons\u00f3rcio","isPartOf":{"@id":"https:\/\/www.disalconsorcio.com.br\/blog\/#website"},"primaryImageOfPage":{"@id":"https:\/\/www.disalconsorcio.com.br\/blog\/5-camionetes-que-serao-lancadas-no-brasil-em-2025\/#primaryimage"},"image":{"@id":"https:\/\/www.disalconsorcio.com.br\/blog\/5-camionetes-que-serao-lancadas-no-brasil-em-2025\/#primaryimage"},"thumbnailUrl":"https:\/\/www.disalconsorcio.com.br\/blog\/wp-content\/uploads\/2025\/02\/silverado9_22112024_81487_1280_960-1.jpg","datePublished":"2025-03-02T14:27:55+00:00","dateModified":"2025-05-08T20:23:47+00:00","description":"Neste artigo iremos enfatizar as \"Camionetes Que Ser\u00e3o Lan\u00e7adas no Brasil em 2025\". Confira os principais lan\u00e7amentos","breadcrumb":{"@id":"https:\/\/www.disalconsorcio.com.br\/blog\/5-camionetes-que-serao-lancadas-no-brasil-em-2025\/#breadcrumb"},"inLanguage":"pt-BR","potentialAction":[{"@type":"ReadAction","target":["https:\/\/www.disalconsorcio.com.br\/blog\/5-camionetes-que-serao-lancadas-no-brasil-em-2025\/"]}]},{"@type":"ImageObject","inLanguage":"pt-BR","@id":"https:\/\/www.disalconsorcio.com.br\/blog\/5-camionetes-que-serao-lancadas-no-brasil-em-2025\/#primaryimage","url":"https:\/\/www.disalconsorcio.com.br\/blog\/wp-content\/uploads\/2025\/02\/silverado9_22112024_81487_1280_960-1.jpg","contentUrl":"https:\/\/www.disalconsorcio.com.br\/blog\/wp-content\/uploads\/2025\/02\/silverado9_22112024_81487_1280_960-1.jpg","width":1280,"height":960,"caption":"5 Camionetes Que Ser\u00e3o Lan\u00e7adas no Brasil em 2025"},{"@type":"BreadcrumbList","@id":"https:\/\/www.disalconsorcio.com.br\/blog\/5-camionetes-que-serao-lancadas-no-brasil-em-2025\/#breadcrumb","itemListElement":[{"@type":"ListItem","position":1,"name":"In\u00edcio","item":"https:\/\/www.disalconsorcio.com.br\/blog\/"},{"@type":"ListItem","position":2,"name":"5 Camionetes Que Ser\u00e3o Lan\u00e7adas no Brasil em 2025"}]},{"@type":"WebSite","@id":"https:\/\/www.disalconsorcio.com.br\/blog\/#website","url":"https:\/\/www.disalconsorcio.com.br\/blog\/","name":"Blog Disal Cons\u00f3rcio","description":"D\u00favidas e novidades","publisher":{"@id":"https:\/\/www.disalconsorcio.com.br\/blog\/#organization"},"potentialAction":[{"@type":"SearchAction","target":{"@type":"EntryPoint","urlTemplate":"https:\/\/www.disalconsorcio.com.br\/blog\/?s={search_term_string}"},"query-input":"required name=search_term_string"}],"inLanguage":"pt-BR"},{"@type":"Organization","@id":"https:\/\/www.disalconsorcio.com.br\/blog\/#organization","name":"Blog Disal Cons\u00f3rcio","url":"https:\/\/www.disalconsorcio.com.br\/blog\/","logo":{"@type":"ImageObject","inLanguage":"pt-BR","@id":"https:\/\/www.disalconsorcio.com.br\/blog\/#\/schema\/logo\/image\/","url":"https:\/\/www.disalconsorcio.com.br\/blog\/wp-content\/uploads\/2023\/02\/logo-D-02-GG.png","contentUrl":"https:\/\/www.disalconsorcio.com.br\/blog\/wp-content\/uploads\/2023\/02\/logo-D-02-GG.png","width":1200,"height":1060,"caption":"Blog Disal Cons\u00f3rcio"},"image":{"@id":"https:\/\/www.disalconsorcio.com.br\/blog\/#\/schema\/logo\/image\/"},"sameAs":["http:\/\/facebook.com\/DisalConsorcioOficial","http:\/\/instagram.com\/disalconsorciooficial","https:\/\/www.linkedin.com\/company\/disal-administradora-de-consrcios","https:\/\/www.youtube.com\/DisalOficial"]},{"@type":"Person","@id":"https:\/\/www.disalconsorcio.com.br\/blog\/#\/schema\/person\/dad1b828c43e6259e74eaca89a7950a3","name":"Blueberry"}]}},"_links":{"self":[{"href":"https:\/\/www.disalconsorcio.com.br\/blog\/wp-json\/wp\/v2\/posts\/9196"}],"collection":[{"href":"https:\/\/www.disalconsorcio.com.br\/blog\/wp-json\/wp\/v2\/posts"}],"about":[{"href":"https:\/\/www.disalconsorcio.com.br\/blog\/wp-json\/wp\/v2\/types\/post"}],"author":[{"embeddable":true,"href":"https:\/\/www.disalconsorcio.com.br\/blog\/wp-json\/wp\/v2\/users\/20"}],"replies":[{"embeddable":true,"href":"https:\/\/www.disalconsorcio.com.br\/blog\/wp-json\/wp\/v2\/comments?post=9196"}],"version-history":[{"count":1,"href":"https:\/\/www.disalconsorcio.com.br\/blog\/wp-json\/wp\/v2\/posts\/9196\/revisions"}],"predecessor-version":[{"id":9204,"href":"https:\/\/www.disalconsorcio.com.br\/blog\/wp-json\/wp\/v2\/posts\/9196\/revisions\/9204"}],"wp:featuredmedia":[{"embeddable":true,"href":"https:\/\/www.disalconsorcio.com.br\/blog\/wp-json\/wp\/v2\/media\/9203"}],"wp:attachment":[{"href":"https:\/\/www.disalconsorcio.com.br\/blog\/wp-json\/wp\/v2\/media?parent=9196"}],"wp:term":[{"taxonomy":"category","embeddable":true,"href":"https:\/\/www.disalconsorcio.com.br\/blog\/wp-json\/wp\/v2\/categories?post=9196"},{"taxonomy":"post_tag","embeddable":true,"href":"https:\/\/www.disalconsorcio.com.br\/blog\/wp-json\/wp\/v2\/tags?post=9196"}],"curies":[{"name":"wp","href":"https:\/\/api.w.org\/{rel}","templated":true}]}}